{"id":178114,"date":"2021-05-03T13:09:43","date_gmt":"2021-05-03T10:09:43","guid":{"rendered":"http:\/\/107.6.182.27\/es\/?p=178114"},"modified":"2021-05-03T19:40:26","modified_gmt":"2021-05-03T16:40:26","slug":"elecciones-presidenciales-es-derecho-constitucional-y-soberano-del-pueblo-sirio","status":"publish","type":"post","link":"https:\/\/archive.sana.sy\/es\/?p=178114","title":{"rendered":"Elecciones presidenciales es derecho constitucional y soberano del pueblo sirio"},"content":{"rendered":"<p style=\"text-align: justify;\"><strong><span style=\"color: #800000;\">Praga, SANA<\/span><\/strong><\/p>\n<p style=\"text-align: justify;\">El jefe del Grupo Parlamentario Checo de Amistad con Siria, Stanislav Grossbich, destac\u00f3 que el pueblo sirio debe ejercer su derecho en las elecciones presidenciales a trav\u00e9s de las cuales decidir\u00e1 el futuro de su pa\u00eds.<\/p>\n<p style=\"text-align: justify;\">\u201cNuestro grupo encomia las victorias logradas por el pueblo sirio en su lucha contra el terrorismo durante una d\u00e9cada para defender la soberan\u00eda e integridad de su territorio\u201d, dijo Grossbich.<\/p>\n<p style=\"text-align: justify;\">Anteriormente, los miembros del grupo enviaron una carta a la Comisi\u00f3n Europea para expresar su en\u00e9rgica condena a las medidas coercitivas unilaterales impuestas contra Siria y exigir el levantamiento de esas sanciones injustas de inmediato.<\/p>\n<p style=\"text-align: justify;\"><span style=\"color: #0000ff;\"><strong>ws\/fm<\/strong><\/span><\/p>\n","protected":false},"excerpt":{"rendered":"<p>Praga, SANA El jefe del Grupo Parlamentario Checo de Amistad con Siria, Stanislav Grossbich, destac\u00f3 que el pueblo sirio debe ejercer su derecho en las elecciones presidenciales a trav\u00e9s de las cuales decidir\u00e1 el futuro de su pa\u00eds. \u201cNuestro grupo encomia las victorias logradas por el pueblo sirio en su lucha contra el terrorismo durante &hellip;<\/p>\n","protected":false},"author":35,"featured_media":178115,"comment_status":"closed","ping_status":"closed","sticky":false,"template":"","format":"standard","meta":{"footnotes":""},"categories":[597,467],"tags":[],"class_list":["post-178114","post","type-post","status-publish","format-standard","has-post-thumbnail","","category-cinta-de-noticias","category-siria-y-el-mundo"],"_links":{"self":[{"href":"https:\/\/archive.sana.sy\/es\/index.php?rest_route=\/wp\/v2\/posts\/178114"}],"collection":[{"href":"https:\/\/archive.sana.sy\/es\/index.php?rest_route=\/wp\/v2\/posts"}],"about":[{"href":"https:\/\/archive.sana.sy\/es\/index.php?rest_route=\/wp\/v2\/types\/post"}],"author":[{"embeddable":true,"href":"https:\/\/archive.sana.sy\/es\/index.php?rest_route=\/wp\/v2\/users\/35"}],"replies":[{"embeddable":true,"href":"https:\/\/archive.sana.sy\/es\/index.php?rest_route=%2Fwp%2Fv2%2Fcomments&post=178114"}],"version-history":[{"count":0,"href":"https:\/\/archive.sana.sy\/es\/index.php?rest_route=\/wp\/v2\/posts\/178114\/revisions"}],"wp:featuredmedia":[{"embeddable":true,"href":"https:\/\/archive.sana.sy\/es\/index.php?rest_route=\/wp\/v2\/media\/178115"}],"wp:attachment":[{"href":"https:\/\/archive.sana.sy\/es\/index.php?rest_route=%2Fwp%2Fv2%2Fmedia&parent=178114"}],"wp:term":[{"taxonomy":"category","embeddable":true,"href":"https:\/\/archive.sana.sy\/es\/index.php?rest_route=%2Fwp%2Fv2%2Fcategories&post=178114"},{"taxonomy":"post_tag","embeddable":true,"href":"https:\/\/archive.sana.sy\/es\/index.php?rest_route=%2Fwp%2Fv2%2Ftags&post=178114"}],"curies":[{"name":"wp","href":"https:\/\/api.w.org\/{rel}","templated":true}]}}