{"id":17816,"date":"2015-02-11T21:31:27","date_gmt":"2015-02-11T19:31:27","guid":{"rendered":"http:\/\/www.sana.sy\/es\/?p=17816"},"modified":"2015-02-11T21:31:27","modified_gmt":"2015-02-11T19:31:27","slug":"israel-hospitaliza-a-un-terrorista-herido-en-uno-de-sus-hospitales","status":"publish","type":"post","link":"https:\/\/archive.sana.sy\/es\/?p=17816","title":{"rendered":"Israel hospitaliza a un terrorista herido en uno de sus hospitales."},"content":{"rendered":"<p><span style=\"color: #0000ff\">Jerusal\u00e9n- SANA<\/span><\/p>\n<p style=\"text-align: justify\">Un terrorista herido fue trasladado al hospital de Safad por las fuerzas de la ocupaci\u00f3n israel\u00ed, este hecho viene en marco del apoyo israel\u00ed para las organizaciones terroristas que act\u00faan en Siria.<\/p>\n<p style=\"text-align: justify\">Seg\u00fan las \u00faltimas informaciones, los hospitales de la ocupaci\u00f3n israel\u00ed han recibido hasta la fecha alrededor de 446 terroristas. Cabe decir que los servicios sanitarios no son las \u00fanicas ayudas que reciben los grupos terroristas en Siria por la ocupaci\u00f3n israel\u00ed, se habla tambi\u00e9n de ayudas militares, log\u00edsticas, y de informaci\u00f3n sobre todo para el frente Al-Nusra, de forma directa a trav\u00e9s del territorio ocupado del Gol\u00e1n.<\/p>\n<p><span style=\"color: #800000\">M.Miri, Riad.Sh<\/span><\/p>\n","protected":false},"excerpt":{"rendered":"<p>Jerusal\u00e9n- SANA Un terrorista herido fue trasladado al hospital de Safad por las fuerzas de la ocupaci\u00f3n israel\u00ed, este hecho viene en marco del apoyo israel\u00ed para las organizaciones terroristas que act\u00faan en Siria. Seg\u00fan las \u00faltimas informaciones, los hospitales de la ocupaci\u00f3n israel\u00ed han recibido hasta la fecha alrededor de 446 terroristas. Cabe decir &hellip;<\/p>\n","protected":false},"author":1,"featured_media":14627,"comment_status":"closed","ping_status":"closed","sticky":false,"template":"","format":"standard","meta":{"footnotes":""},"categories":[597,573,457,576],"tags":[4046],"class_list":["post-17816","post","type-post","status-publish","format-standard","has-post-thumbnail","","category-cinta-de-noticias","category-la-realidad-de-los-acontecimientos-en-siria","category-noticias-arabe-internacional-politica","category-noticias-politicas","tag-israel-hospitaliza-a-un-terrorista-herido-en-uno-de-sus-hospitales"],"_links":{"self":[{"href":"https:\/\/archive.sana.sy\/es\/index.php?rest_route=\/wp\/v2\/posts\/17816"}],"collection":[{"href":"https:\/\/archive.sana.sy\/es\/index.php?rest_route=\/wp\/v2\/posts"}],"about":[{"href":"https:\/\/archive.sana.sy\/es\/index.php?rest_route=\/wp\/v2\/types\/post"}],"author":[{"embeddable":true,"href":"https:\/\/archive.sana.sy\/es\/index.php?rest_route=\/wp\/v2\/users\/1"}],"replies":[{"embeddable":true,"href":"https:\/\/archive.sana.sy\/es\/index.php?rest_route=%2Fwp%2Fv2%2Fcomments&post=17816"}],"version-history":[{"count":0,"href":"https:\/\/archive.sana.sy\/es\/index.php?rest_route=\/wp\/v2\/posts\/17816\/revisions"}],"wp:featuredmedia":[{"embeddable":true,"href":"https:\/\/archive.sana.sy\/es\/index.php?rest_route=\/wp\/v2\/media\/14627"}],"wp:attachment":[{"href":"https:\/\/archive.sana.sy\/es\/index.php?rest_route=%2Fwp%2Fv2%2Fmedia&parent=17816"}],"wp:term":[{"taxonomy":"category","embeddable":true,"href":"https:\/\/archive.sana.sy\/es\/index.php?rest_route=%2Fwp%2Fv2%2Fcategories&post=17816"},{"taxonomy":"post_tag","embeddable":true,"href":"https:\/\/archive.sana.sy\/es\/index.php?rest_route=%2Fwp%2Fv2%2Ftags&post=17816"}],"curies":[{"name":"wp","href":"https:\/\/api.w.org\/{rel}","templated":true}]}}