{"id":178161,"date":"2021-05-03T19:31:27","date_gmt":"2021-05-03T16:31:27","guid":{"rendered":"http:\/\/107.6.182.27\/es\/?p=178161"},"modified":"2021-05-03T19:31:27","modified_gmt":"2021-05-03T16:31:27","slug":"milicia-proestadounidense-derriba-viviendas-de-ciudadanos-en-raqa","status":"publish","type":"post","link":"https:\/\/archive.sana.sy\/es\/?p=178161","title":{"rendered":"Milicia proestadounidense derriba viviendas de ciudadanos en Raqa"},"content":{"rendered":"<p><span style=\"color: #800000;\">Raqa &#8211; Deir Ezzor, SANA<\/span><\/p>\n<p style=\"text-align: justify;\">La milicia proestadounidense \u201cFuerzas Democr\u00e1ticas de Siria\u201d (FDS) demoli\u00f3 este lunes un n\u00famero de viviendas de los ciudadanos en el pueblo de Awad, ubicado en las cercan\u00edas de la ciudad de Ain Issa en la provincia de Raqa.<\/p>\n<p style=\"text-align: justify;\">Activistas locales informaron a SANA que este crimen se enmarca en el contexto de las continuas violaciones de FDS contra los habitantes para arrasar sus tierras agr\u00edcolas y sus hogares.<\/p>\n<p style=\"text-align: justify;\">Asimismo, otras fuentes locales en la provincia de Deir Ezzor indicaron que esta milicia confisc\u00f3 y quem\u00f3 varias motociclistas de unos habitantes de la ciudad de al-Shahil en la misma provincia.<\/p>\n<p style=\"text-align: justify;\"><span style=\"color: #0000ff;\">rr\/fm<\/span><\/p>\n","protected":false},"excerpt":{"rendered":"<p>Raqa &#8211; Deir Ezzor, SANA La milicia proestadounidense \u201cFuerzas Democr\u00e1ticas de Siria\u201d (FDS) demoli\u00f3 este lunes un n\u00famero de viviendas de los ciudadanos en el pueblo de Awad, ubicado en las cercan\u00edas de la ciudad de Ain Issa en la provincia de Raqa. Activistas locales informaron a SANA que este crimen se enmarca en el &hellip;<\/p>\n","protected":false},"author":31,"featured_media":178162,"comment_status":"closed","ping_status":"closed","sticky":false,"template":"","format":"standard","meta":{"footnotes":""},"categories":[597,573],"tags":[],"class_list":["post-178161","post","type-post","status-publish","format-standard","has-post-thumbnail","","category-cinta-de-noticias","category-la-realidad-de-los-acontecimientos-en-siria"],"_links":{"self":[{"href":"https:\/\/archive.sana.sy\/es\/index.php?rest_route=\/wp\/v2\/posts\/178161"}],"collection":[{"href":"https:\/\/archive.sana.sy\/es\/index.php?rest_route=\/wp\/v2\/posts"}],"about":[{"href":"https:\/\/archive.sana.sy\/es\/index.php?rest_route=\/wp\/v2\/types\/post"}],"author":[{"embeddable":true,"href":"https:\/\/archive.sana.sy\/es\/index.php?rest_route=\/wp\/v2\/users\/31"}],"replies":[{"embeddable":true,"href":"https:\/\/archive.sana.sy\/es\/index.php?rest_route=%2Fwp%2Fv2%2Fcomments&post=178161"}],"version-history":[{"count":0,"href":"https:\/\/archive.sana.sy\/es\/index.php?rest_route=\/wp\/v2\/posts\/178161\/revisions"}],"wp:featuredmedia":[{"embeddable":true,"href":"https:\/\/archive.sana.sy\/es\/index.php?rest_route=\/wp\/v2\/media\/178162"}],"wp:attachment":[{"href":"https:\/\/archive.sana.sy\/es\/index.php?rest_route=%2Fwp%2Fv2%2Fmedia&parent=178161"}],"wp:term":[{"taxonomy":"category","embeddable":true,"href":"https:\/\/archive.sana.sy\/es\/index.php?rest_route=%2Fwp%2Fv2%2Fcategories&post=178161"},{"taxonomy":"post_tag","embeddable":true,"href":"https:\/\/archive.sana.sy\/es\/index.php?rest_route=%2Fwp%2Fv2%2Ftags&post=178161"}],"curies":[{"name":"wp","href":"https:\/\/api.w.org\/{rel}","templated":true}]}}