{"id":178169,"date":"2021-05-03T14:12:27","date_gmt":"2021-05-03T11:12:27","guid":{"rendered":"http:\/\/107.6.182.27\/es\/?p=178169"},"modified":"2021-05-03T21:20:25","modified_gmt":"2021-05-03T18:20:25","slug":"jordania-reabre-paso-fronterizo-con-siria-ante-el-transito-de-pasajeros","status":"publish","type":"post","link":"https:\/\/archive.sana.sy\/es\/?p=178169","title":{"rendered":"Jordania reabre paso fronterizo con Siria ante el tr\u00e1nsito de pasajeros"},"content":{"rendered":"<p><span style=\"color: #800000;\">Amman, SANA<\/span><\/p>\n<p style=\"text-align: justify;\">Jordania anunci\u00f3 este lunes la reapertura del cruce fronterizo con Siria ante los pasajeros, tras casi nueve meses de cierre debido a la pandemia del nuevo Coronavirus.<\/p>\n<p style=\"text-align: justify;\">\u201cA partir de hoy, se permite el tr\u00e1nsito de 150 personas diariamente a trav\u00e9s del paso fronterizo sirio-jordano \u201cJaber-Nassib\u201d, de acuerdo con las condiciones sanitarias aprobadas\u201d, cit\u00f3 la agencia jordana Petra a un comunicado del Ministerio del Interior.<\/p>\n<p style=\"text-align: justify;\">El Ministerio indic\u00f3 que cada pasajero debe realizar una prueba PCR de Covid-19 para obtener una autorizaci\u00f3n de entrada a este pa\u00eds vecino.<\/p>\n<p style=\"text-align: justify;\">El pasajero luego se someter\u00e1 a otra PCR al llegar a Jordania y ser\u00e1 puesto en cuarentena por 14 d\u00edas en caso de que est\u00e9 contagiado con coronavirus.<\/p>\n<p><span style=\"color: #0000ff;\">rr\/fm<\/span><\/p>\n<p>&nbsp;<\/p>\n","protected":false},"excerpt":{"rendered":"<p>Amman, SANA Jordania anunci\u00f3 este lunes la reapertura del cruce fronterizo con Siria ante los pasajeros, tras casi nueve meses de cierre debido a la pandemia del nuevo Coronavirus. \u201cA partir de hoy, se permite el tr\u00e1nsito de 150 personas diariamente a trav\u00e9s del paso fronterizo sirio-jordano \u201cJaber-Nassib\u201d, de acuerdo con las condiciones sanitarias aprobadas\u201d, &hellip;<\/p>\n","protected":false},"author":31,"featured_media":178170,"comment_status":"closed","ping_status":"closed","sticky":false,"template":"","format":"standard","meta":{"footnotes":""},"categories":[597,467,7541],"tags":[],"class_list":["post-178169","post","type-post","status-publish","format-standard","has-post-thumbnail","","category-cinta-de-noticias","category-siria-y-el-mundo","category-ultimas-noticias"],"_links":{"self":[{"href":"https:\/\/archive.sana.sy\/es\/index.php?rest_route=\/wp\/v2\/posts\/178169"}],"collection":[{"href":"https:\/\/archive.sana.sy\/es\/index.php?rest_route=\/wp\/v2\/posts"}],"about":[{"href":"https:\/\/archive.sana.sy\/es\/index.php?rest_route=\/wp\/v2\/types\/post"}],"author":[{"embeddable":true,"href":"https:\/\/archive.sana.sy\/es\/index.php?rest_route=\/wp\/v2\/users\/31"}],"replies":[{"embeddable":true,"href":"https:\/\/archive.sana.sy\/es\/index.php?rest_route=%2Fwp%2Fv2%2Fcomments&post=178169"}],"version-history":[{"count":0,"href":"https:\/\/archive.sana.sy\/es\/index.php?rest_route=\/wp\/v2\/posts\/178169\/revisions"}],"wp:featuredmedia":[{"embeddable":true,"href":"https:\/\/archive.sana.sy\/es\/index.php?rest_route=\/wp\/v2\/media\/178170"}],"wp:attachment":[{"href":"https:\/\/archive.sana.sy\/es\/index.php?rest_route=%2Fwp%2Fv2%2Fmedia&parent=178169"}],"wp:term":[{"taxonomy":"category","embeddable":true,"href":"https:\/\/archive.sana.sy\/es\/index.php?rest_route=%2Fwp%2Fv2%2Fcategories&post=178169"},{"taxonomy":"post_tag","embeddable":true,"href":"https:\/\/archive.sana.sy\/es\/index.php?rest_route=%2Fwp%2Fv2%2Ftags&post=178169"}],"curies":[{"name":"wp","href":"https:\/\/api.w.org\/{rel}","templated":true}]}}