{"id":178186,"date":"2021-05-04T08:30:32","date_gmt":"2021-05-04T05:30:32","guid":{"rendered":"http:\/\/107.6.182.27\/es\/?p=178186"},"modified":"2021-05-04T09:22:34","modified_gmt":"2021-05-04T06:22:34","slug":"siria-confirma-79-nuevos-casos-y-168-recuperados-de-la-covid-19","status":"publish","type":"post","link":"https:\/\/archive.sana.sy\/es\/?p=178186","title":{"rendered":"Siria confirma 79 nuevos casos y 168 recuperados de la Covid-19"},"content":{"rendered":"<p style=\"text-align: justify;\"><span style=\"color: #800000;\"><strong>Damasco, SANA<\/strong><\/span><\/p>\n<p style=\"text-align: justify;\">El Ministerio de Salud report\u00f3 en las \u00faltimas 24 horas, 79 nuevos casos de nuevo Coronavirus, 168 recuperaci\u00f3n y siete muertes por esta enfermedad.<\/p>\n<p style=\"text-align: justify;\">De acuerdo con un comunicado del Ministerio, la cifra de infectados a nivel nacional ascendi\u00f3 a 22.977, incluidos 17.339 recuperados y 1.610 muertes.<\/p>\n<p style=\"text-align: justify;\">Siria anunci\u00f3 el primer caso del nuevo Coronavirus el d\u00eda 22 de marzo del 2020.<\/p>\n<p style=\"text-align: justify;\"><strong><span style=\"color: #0000ff;\">ed\/fm<\/span><\/strong><\/p>\n","protected":false},"excerpt":{"rendered":"<p>Damasco, SANA El Ministerio de Salud report\u00f3 en las \u00faltimas 24 horas, 79 nuevos casos de nuevo Coronavirus, 168 recuperaci\u00f3n y siete muertes por esta enfermedad. De acuerdo con un comunicado del Ministerio, la cifra de infectados a nivel nacional ascendi\u00f3 a 22.977, incluidos 17.339 recuperados y 1.610 muertes. Siria anunci\u00f3 el primer caso del &hellip;<\/p>\n","protected":false},"author":32,"featured_media":178188,"comment_status":"closed","ping_status":"closed","sticky":false,"template":"","format":"standard","meta":{"footnotes":""},"categories":[477,597,476,7541],"tags":[],"class_list":["post-178186","post","type-post","status-publish","format-standard","has-post-thumbnail","","category-noticias-edulcorantes","category-cinta-de-noticias","category-locales","category-ultimas-noticias"],"_links":{"self":[{"href":"https:\/\/archive.sana.sy\/es\/index.php?rest_route=\/wp\/v2\/posts\/178186"}],"collection":[{"href":"https:\/\/archive.sana.sy\/es\/index.php?rest_route=\/wp\/v2\/posts"}],"about":[{"href":"https:\/\/archive.sana.sy\/es\/index.php?rest_route=\/wp\/v2\/types\/post"}],"author":[{"embeddable":true,"href":"https:\/\/archive.sana.sy\/es\/index.php?rest_route=\/wp\/v2\/users\/32"}],"replies":[{"embeddable":true,"href":"https:\/\/archive.sana.sy\/es\/index.php?rest_route=%2Fwp%2Fv2%2Fcomments&post=178186"}],"version-history":[{"count":0,"href":"https:\/\/archive.sana.sy\/es\/index.php?rest_route=\/wp\/v2\/posts\/178186\/revisions"}],"wp:featuredmedia":[{"embeddable":true,"href":"https:\/\/archive.sana.sy\/es\/index.php?rest_route=\/wp\/v2\/media\/178188"}],"wp:attachment":[{"href":"https:\/\/archive.sana.sy\/es\/index.php?rest_route=%2Fwp%2Fv2%2Fmedia&parent=178186"}],"wp:term":[{"taxonomy":"category","embeddable":true,"href":"https:\/\/archive.sana.sy\/es\/index.php?rest_route=%2Fwp%2Fv2%2Fcategories&post=178186"},{"taxonomy":"post_tag","embeddable":true,"href":"https:\/\/archive.sana.sy\/es\/index.php?rest_route=%2Fwp%2Fv2%2Ftags&post=178186"}],"curies":[{"name":"wp","href":"https:\/\/api.w.org\/{rel}","templated":true}]}}