{"id":17819,"date":"2015-02-11T23:02:52","date_gmt":"2015-02-11T21:02:52","guid":{"rendered":"http:\/\/www.sana.sy\/es\/?p=17819"},"modified":"2015-02-11T23:02:52","modified_gmt":"2015-02-11T21:02:52","slug":"manifestacion-en-sofia-condenan-el-papel-de-la-otan-y-la-politica-de-occidente-hacia-siria-y-ucrania","status":"publish","type":"post","link":"https:\/\/archive.sana.sy\/es\/?p=17819","title":{"rendered":"Manifestaci\u00f3n en Sof\u00eda condenan el papel de la OTAN y la pol\u00edtica de occidente hacia Siria y Ucrania."},"content":{"rendered":"<p><span style=\"color: #0000ff\">Sof\u00eda, SANA<\/span><\/p>\n<p style=\"text-align: justify\">En una iniciativa de los partidos b\u00falgaros, organizaciones e instituciones civiles han organizado una manifestaci\u00f3n para condenar el papel subversivo de la Organizaci\u00f3n del Tratado Atl\u00e1ntico Norte (OTAN) y la Uni\u00f3n Europea (UE) en relaci\u00f3n con la situaci\u00f3n de Siria y Ucrania, con la participaci\u00f3n de las comunidades sirias, rusas, b\u00falgaros.<\/p>\n<p style=\"text-align: justify\">Los participantes en la manifestaci\u00f3n, se reunieron frente al edificio del Parlamento de Bulgaria en la capital Sof\u00eda, acusando la OTAN y los pa\u00edses de occidente, sobre todo los Estado Unidos de agravar la crisis en Siria y Ucrania y violar el derecho internacional mediante la desestabilizaci\u00f3n de la seguridad, y poner en peligro la paz internacional.<\/p>\n<p style=\"text-align: justify\">Por su parte el miembro de la fundaci\u00f3n b\u00falgara Popular Biba Rashifa dijo que: \u201cBulgaria est\u00e1 en contra de la guerra en Siria y que la pol\u00edtica de la UE y EEUU hacia Siria se debe a la figura resistente de Siria y La protecci\u00f3n de su soberanea .<\/p>\n<p style=\"text-align: justify\"><span style=\"color: #800000\">M.MIRI, Riad.Sh<\/span><\/p>\n","protected":false},"excerpt":{"rendered":"<p>Sof\u00eda, SANA En una iniciativa de los partidos b\u00falgaros, organizaciones e instituciones civiles han organizado una manifestaci\u00f3n para condenar el papel subversivo de la Organizaci\u00f3n del Tratado Atl\u00e1ntico Norte (OTAN) y la Uni\u00f3n Europea (UE) en relaci\u00f3n con la situaci\u00f3n de Siria y Ucrania, con la participaci\u00f3n de las comunidades sirias, rusas, b\u00falgaros. Los participantes &hellip;<\/p>\n","protected":false},"author":1,"featured_media":17820,"comment_status":"closed","ping_status":"closed","sticky":false,"template":"","format":"standard","meta":{"footnotes":""},"categories":[1],"tags":[4047],"class_list":["post-17819","post","type-post","status-publish","format-standard","has-post-thumbnail","","category-news-not-sorted","tag-manifestacion-en-sofia-condenan-el-papel-de-la-otan-y-la-politica-de-occidente-hacia-siria-y-ucrania"],"_links":{"self":[{"href":"https:\/\/archive.sana.sy\/es\/index.php?rest_route=\/wp\/v2\/posts\/17819"}],"collection":[{"href":"https:\/\/archive.sana.sy\/es\/index.php?rest_route=\/wp\/v2\/posts"}],"about":[{"href":"https:\/\/archive.sana.sy\/es\/index.php?rest_route=\/wp\/v2\/types\/post"}],"author":[{"embeddable":true,"href":"https:\/\/archive.sana.sy\/es\/index.php?rest_route=\/wp\/v2\/users\/1"}],"replies":[{"embeddable":true,"href":"https:\/\/archive.sana.sy\/es\/index.php?rest_route=%2Fwp%2Fv2%2Fcomments&post=17819"}],"version-history":[{"count":0,"href":"https:\/\/archive.sana.sy\/es\/index.php?rest_route=\/wp\/v2\/posts\/17819\/revisions"}],"wp:featuredmedia":[{"embeddable":true,"href":"https:\/\/archive.sana.sy\/es\/index.php?rest_route=\/wp\/v2\/media\/17820"}],"wp:attachment":[{"href":"https:\/\/archive.sana.sy\/es\/index.php?rest_route=%2Fwp%2Fv2%2Fmedia&parent=17819"}],"wp:term":[{"taxonomy":"category","embeddable":true,"href":"https:\/\/archive.sana.sy\/es\/index.php?rest_route=%2Fwp%2Fv2%2Fcategories&post=17819"},{"taxonomy":"post_tag","embeddable":true,"href":"https:\/\/archive.sana.sy\/es\/index.php?rest_route=%2Fwp%2Fv2%2Ftags&post=17819"}],"curies":[{"name":"wp","href":"https:\/\/api.w.org\/{rel}","templated":true}]}}