{"id":178211,"date":"2021-05-04T15:52:19","date_gmt":"2021-05-04T12:52:19","guid":{"rendered":"http:\/\/107.6.182.27\/es\/?p=178211"},"modified":"2023-01-10T14:29:03","modified_gmt":"2023-01-10T12:29:03","slug":"milicia-fds-asalta-localidades-de-jadid-bakara-y-al-busirah-en-deir-ezzor","status":"publish","type":"post","link":"https:\/\/archive.sana.sy\/es\/?p=178211","title":{"rendered":"Milicia FDS asalta localidades de Jadid Bakara y Al-Busirah en Deir Ezzor"},"content":{"rendered":"<p style=\"text-align: justify;\"><span style=\"color: #800000;\"><strong>Deir Ezzor, SANA<\/strong><\/span><\/p>\n<p style=\"text-align: justify;\">Los integrantes de la milicia separatista FDS, apoyada por las fuerzas de ocupaci\u00f3n estadounidenses, asaltaron la aldea de Jadid Bakara y la ciudad de Al-Busirah, en el este de Deir Ezzor.<\/p>\n<p style=\"text-align: justify;\">Fuentes civiles informaron a SANA que esta milicia allan\u00f3 las casas y agredi\u00f3 a sus due\u00f1os y secuestr\u00f3 a dos ciudadanos y lo llev\u00f3 a un destino desconocido.<\/p>\n<p style=\"text-align: justify;\">Esa milicia mercenaria de Washington secuestra a los j\u00f3venes y los lleva a sus campamentos para entrenarlos para luego obligarlos a combatir en sus filas al servicio de agendas estadounidenses.<\/p>\n<p style=\"text-align: justify;\"><strong><span style=\"color: #0000ff;\">ed\/fm<\/span><\/strong><\/p>\n","protected":false},"excerpt":{"rendered":"<p>Deir Ezzor, SANA Los integrantes de la milicia separatista FDS, apoyada por las fuerzas de ocupaci\u00f3n estadounidenses, asaltaron la aldea de Jadid Bakara y la ciudad de Al-Busirah, en el este de Deir Ezzor. Fuentes civiles informaron a SANA que esta milicia allan\u00f3 las casas y agredi\u00f3 a sus due\u00f1os y secuestr\u00f3 a dos ciudadanos &hellip;<\/p>\n","protected":false},"author":32,"featured_media":165172,"comment_status":"closed","ping_status":"closed","sticky":false,"template":"","format":"standard","meta":{"footnotes":""},"categories":[447,477,597,573,476,7541],"tags":[],"class_list":["post-178211","post","type-post","status-publish","format-standard","has-post-thumbnail","","category-local-politica","category-noticias-edulcorantes","category-cinta-de-noticias","category-la-realidad-de-los-acontecimientos-en-siria","category-locales","category-ultimas-noticias"],"_links":{"self":[{"href":"https:\/\/archive.sana.sy\/es\/index.php?rest_route=\/wp\/v2\/posts\/178211"}],"collection":[{"href":"https:\/\/archive.sana.sy\/es\/index.php?rest_route=\/wp\/v2\/posts"}],"about":[{"href":"https:\/\/archive.sana.sy\/es\/index.php?rest_route=\/wp\/v2\/types\/post"}],"author":[{"embeddable":true,"href":"https:\/\/archive.sana.sy\/es\/index.php?rest_route=\/wp\/v2\/users\/32"}],"replies":[{"embeddable":true,"href":"https:\/\/archive.sana.sy\/es\/index.php?rest_route=%2Fwp%2Fv2%2Fcomments&post=178211"}],"version-history":[{"count":0,"href":"https:\/\/archive.sana.sy\/es\/index.php?rest_route=\/wp\/v2\/posts\/178211\/revisions"}],"wp:featuredmedia":[{"embeddable":true,"href":"https:\/\/archive.sana.sy\/es\/index.php?rest_route=\/wp\/v2\/media\/165172"}],"wp:attachment":[{"href":"https:\/\/archive.sana.sy\/es\/index.php?rest_route=%2Fwp%2Fv2%2Fmedia&parent=178211"}],"wp:term":[{"taxonomy":"category","embeddable":true,"href":"https:\/\/archive.sana.sy\/es\/index.php?rest_route=%2Fwp%2Fv2%2Fcategories&post=178211"},{"taxonomy":"post_tag","embeddable":true,"href":"https:\/\/archive.sana.sy\/es\/index.php?rest_route=%2Fwp%2Fv2%2Ftags&post=178211"}],"curies":[{"name":"wp","href":"https:\/\/api.w.org\/{rel}","templated":true}]}}