{"id":17822,"date":"2015-02-11T23:12:03","date_gmt":"2015-02-11T21:12:03","guid":{"rendered":"http:\/\/www.sana.sy\/es\/?p=17822"},"modified":"2015-02-11T23:12:03","modified_gmt":"2015-02-11T21:12:03","slug":"2000-frances-vinculados-con-actividades-terroristas-en-siria-e-iraq","status":"publish","type":"post","link":"https:\/\/archive.sana.sy\/es\/?p=17822","title":{"rendered":"2000  franc\u00e9s  vinculados con actividades terroristas en Siria e Iraq"},"content":{"rendered":"<p><span style=\"color: #0000ff\">Paris. SANA<\/span><\/p>\n<p style=\"text-align: justify\">El ministro de interior franc\u00e9s Bernard Cazeneuve confirmo que, casi dos mil combatientes franceses est\u00e1n vinculados con actividades terroristas fuera de Francia y sobre todM.miri, Riad.Sho en Siria e Iraq.<\/p>\n<p style=\"text-align: justify\">Seg\u00fan la agencia de noticias francesa, alrededor de 700 terroristas franceses se encuentran ahora en las frentes de combate y otros 250 quieren volver a Francia, adem\u00e1s de otros terroristas repartidos en distintos sitios.<\/p>\n<p><span style=\"color: #800000\">M.miri, Riad.Sh<\/span><\/p>\n","protected":false},"excerpt":{"rendered":"<p>Paris. SANA El ministro de interior franc\u00e9s Bernard Cazeneuve confirmo que, casi dos mil combatientes franceses est\u00e1n vinculados con actividades terroristas fuera de Francia y sobre todM.miri, Riad.Sho en Siria e Iraq. Seg\u00fan la agencia de noticias francesa, alrededor de 700 terroristas franceses se encuentran ahora en las frentes de combate y otros 250 quieren &hellip;<\/p>\n","protected":false},"author":1,"featured_media":17823,"comment_status":"closed","ping_status":"closed","sticky":false,"template":"","format":"standard","meta":{"footnotes":""},"categories":[457,576],"tags":[4048],"class_list":["post-17822","post","type-post","status-publish","format-standard","has-post-thumbnail","","category-noticias-arabe-internacional-politica","category-noticias-politicas","tag-2000-frances-vinculados-con-actividades-terroristas-en-siria-e-iraq"],"_links":{"self":[{"href":"https:\/\/archive.sana.sy\/es\/index.php?rest_route=\/wp\/v2\/posts\/17822"}],"collection":[{"href":"https:\/\/archive.sana.sy\/es\/index.php?rest_route=\/wp\/v2\/posts"}],"about":[{"href":"https:\/\/archive.sana.sy\/es\/index.php?rest_route=\/wp\/v2\/types\/post"}],"author":[{"embeddable":true,"href":"https:\/\/archive.sana.sy\/es\/index.php?rest_route=\/wp\/v2\/users\/1"}],"replies":[{"embeddable":true,"href":"https:\/\/archive.sana.sy\/es\/index.php?rest_route=%2Fwp%2Fv2%2Fcomments&post=17822"}],"version-history":[{"count":0,"href":"https:\/\/archive.sana.sy\/es\/index.php?rest_route=\/wp\/v2\/posts\/17822\/revisions"}],"wp:featuredmedia":[{"embeddable":true,"href":"https:\/\/archive.sana.sy\/es\/index.php?rest_route=\/wp\/v2\/media\/17823"}],"wp:attachment":[{"href":"https:\/\/archive.sana.sy\/es\/index.php?rest_route=%2Fwp%2Fv2%2Fmedia&parent=17822"}],"wp:term":[{"taxonomy":"category","embeddable":true,"href":"https:\/\/archive.sana.sy\/es\/index.php?rest_route=%2Fwp%2Fv2%2Fcategories&post=17822"},{"taxonomy":"post_tag","embeddable":true,"href":"https:\/\/archive.sana.sy\/es\/index.php?rest_route=%2Fwp%2Fv2%2Ftags&post=17822"}],"curies":[{"name":"wp","href":"https:\/\/api.w.org\/{rel}","templated":true}]}}