{"id":178269,"date":"2021-05-04T21:01:54","date_gmt":"2021-05-04T18:01:54","guid":{"rendered":"http:\/\/107.6.182.27\/es\/?p=178269"},"modified":"2023-01-12T14:41:28","modified_gmt":"2023-01-12T12:41:28","slug":"el-tedh-condena-a-turquia-por-violar-la-libertad-de-expresion","status":"publish","type":"post","link":"https:\/\/archive.sana.sy\/es\/?p=178269","title":{"rendered":"El TEDH condena a Turqu\u00eda por violar la libertad de expresi\u00f3n"},"content":{"rendered":"<p><span style=\"color: #800000;\">Estrasburgo, SANA<\/span><\/p>\n<p style=\"text-align: justify;\">El Tribunal Europeo de Derechos Humanos (TEDH) conden\u00f3 el martes a Turqu\u00eda, en dos casos diferentes, por violar la libertad de expresi\u00f3n.<\/p>\n<p style=\"text-align: justify;\">\u201cLos jueces de la instituci\u00f3n judicial del Consejo de Europa dictaminaron, por unanimidad en el primer caso y por mayor\u00eda en el segundo, que Turqu\u00eda hab\u00eda violado el art\u00edculo 10 del Convenio Europeo de Derechos Humanos, que protege la libertad de expresi\u00f3n\u201d, inform\u00f3 la agencia AFP.<\/p>\n<p style=\"text-align: justify;\">La primera solicitud presentada por Banu G\u00fcven, una conocida periodista en Turqu\u00eda, se refer\u00eda a una orden judicial provisional &#8220;que proh\u00edbe la difusi\u00f3n y publicaci\u00f3n (por cualquier medio de comunicaci\u00f3n) de la informaci\u00f3n relativa a una investigaci\u00f3n parlamentaria que trataba las acusaciones de corrupci\u00f3n contra cuatro ex ministros&#8221; en 2013.<\/p>\n<p style=\"text-align: justify;\">El Tribunal consider\u00f3 que este requerimiento &#8220;tuvo un impacto significativo en el ejercicio por parte de la demandante de su derecho a la libertad de expresi\u00f3n sobre un tema de actualidad&#8221;.<\/p>\n<p style=\"text-align: justify;\">Turqu\u00eda fue condenada a pagar 1.500 euros a la periodista, agrega la fuente.<\/p>\n<p style=\"text-align: justify;\">En el segundo caso, Turqu\u00eda fue condenada a pagar 5.000 euros por da\u00f1os morales y 4.000 euros por gastos a la diputada del Partido Democr\u00e1tico de los Pueblos (HDP) Filiz Kerestecioglu Demir, cuya inmunidad parlamentaria fue levantada en 2016 como parte de una reforma constitucional.<\/p>\n<p style=\"text-align: justify;\">El pasado a\u00f1o, el (TEDH) conden\u00f3 a Turqu\u00eda por no proteger los derechos a la libertad de expresi\u00f3n y a la libertad y seguridad de diez periodistas y directivos del diario &#8220;Cumhuriyet&#8221;, que fueron detenidos en 2016.<\/p>\n<p style=\"text-align: justify;\">\n<em>mm<\/em><\/p>\n<p>&nbsp;<\/p>\n","protected":false},"excerpt":{"rendered":"<p>Estrasburgo, SANA El Tribunal Europeo de Derechos Humanos (TEDH) conden\u00f3 el martes a Turqu\u00eda, en dos casos diferentes, por violar la libertad de expresi\u00f3n. \u201cLos jueces de la instituci\u00f3n judicial del Consejo de Europa dictaminaron, por unanimidad en el primer caso y por mayor\u00eda en el segundo, que Turqu\u00eda hab\u00eda violado el art\u00edculo 10 del &hellip;<\/p>\n","protected":false},"author":36,"featured_media":178270,"comment_status":"closed","ping_status":"closed","sticky":false,"template":"","format":"standard","meta":{"footnotes":""},"categories":[597,456,457],"tags":[],"class_list":["post-178269","post","type-post","status-publish","format-standard","has-post-thumbnail","","category-cinta-de-noticias","category-arabe-internacional-politica","category-noticias-arabe-internacional-politica"],"_links":{"self":[{"href":"https:\/\/archive.sana.sy\/es\/index.php?rest_route=\/wp\/v2\/posts\/178269"}],"collection":[{"href":"https:\/\/archive.sana.sy\/es\/index.php?rest_route=\/wp\/v2\/posts"}],"about":[{"href":"https:\/\/archive.sana.sy\/es\/index.php?rest_route=\/wp\/v2\/types\/post"}],"author":[{"embeddable":true,"href":"https:\/\/archive.sana.sy\/es\/index.php?rest_route=\/wp\/v2\/users\/36"}],"replies":[{"embeddable":true,"href":"https:\/\/archive.sana.sy\/es\/index.php?rest_route=%2Fwp%2Fv2%2Fcomments&post=178269"}],"version-history":[{"count":0,"href":"https:\/\/archive.sana.sy\/es\/index.php?rest_route=\/wp\/v2\/posts\/178269\/revisions"}],"wp:featuredmedia":[{"embeddable":true,"href":"https:\/\/archive.sana.sy\/es\/index.php?rest_route=\/wp\/v2\/media\/178270"}],"wp:attachment":[{"href":"https:\/\/archive.sana.sy\/es\/index.php?rest_route=%2Fwp%2Fv2%2Fmedia&parent=178269"}],"wp:term":[{"taxonomy":"category","embeddable":true,"href":"https:\/\/archive.sana.sy\/es\/index.php?rest_route=%2Fwp%2Fv2%2Fcategories&post=178269"},{"taxonomy":"post_tag","embeddable":true,"href":"https:\/\/archive.sana.sy\/es\/index.php?rest_route=%2Fwp%2Fv2%2Ftags&post=178269"}],"curies":[{"name":"wp","href":"https:\/\/api.w.org\/{rel}","templated":true}]}}