{"id":17832,"date":"2015-02-12T12:40:40","date_gmt":"2015-02-12T10:40:40","guid":{"rendered":"http:\/\/www.sana.sy\/es\/?p=17832"},"modified":"2015-02-12T12:40:40","modified_gmt":"2015-02-12T10:40:40","slug":"putin-anuncia-el-alcance-de-un-acuerdo-de-tregua-en-ucrania-a-partir-del-15-de-febrero","status":"publish","type":"post","link":"https:\/\/archive.sana.sy\/es\/?p=17832","title":{"rendered":"Putin anuncia el alcance de un acuerdo de tregua en Ucrania a partir del 15 de febrero"},"content":{"rendered":"<div><span style=\"color: #ff0000\">Minsk, SANA<\/span><\/div>\n<div><\/div>\n<div><span lang=\"ES-TRAD\">Tras 16 horas de negociaciones en &#8220;formato de Normand\u00eda&#8221; entre Rusia, Alemania, Francia y Ucrania, el presidente ruso, Vlad\u00edmir Putin, anunci\u00f3 en Minsk que las partes han acordado una tregua a partir del 15 de febrero.<\/span><\/div>\n<div><\/div>\n<div><span lang=\"ES-TRAD\">El presidente ruso dijo ante la prensa que el grupo de contacto ha firmado un documento sobre las medidas destinadas a la aplicaci\u00f3n del acuerdo de Minsk.<\/span><\/div>\n<div><\/div>\n<div><span lang=\"ES-TRAD\">El mandatario ruso anunci\u00f3 que tambi\u00e9n se ha acordado la retirada del armamento pesado de la zona en conflicto.<\/span><\/div>\n<div><\/div>\n<div><span lang=\"ES-TRAD\">Seg\u00fan el l\u00edder ruso, para alcanzar la paz en Donbass resultan imprescindibles contactos directos entre Kiev y las Rep\u00fablicas Populares de Donetsk y Lugansk.<\/span><\/div>\n<div><\/div>\n<div><span style=\"color: #00ccff\">Fady M., Hala B.<\/span><\/div>\n<div class=\"yj6qo ajU\">\n<div id=\":10w\" class=\"ajR\"><img decoding=\"async\" class=\"ajT\" src=\"https:\/\/ssl.gstatic.com\/ui\/v1\/icons\/mail\/images\/cleardot.gif\" alt=\"\" \/><\/div>\n<\/div>\n","protected":false},"excerpt":{"rendered":"<p>Minsk, SANA Tras 16 horas de negociaciones en &#8220;formato de Normand\u00eda&#8221; entre Rusia, Alemania, Francia y Ucrania, el presidente ruso, Vlad\u00edmir Putin, anunci\u00f3 en Minsk que las partes han acordado una tregua a partir del 15 de febrero. El presidente ruso dijo ante la prensa que el grupo de contacto ha firmado un documento sobre &hellip;<\/p>\n","protected":false},"author":1,"featured_media":17833,"comment_status":"closed","ping_status":"closed","sticky":false,"template":"","format":"standard","meta":{"footnotes":""},"categories":[456,576],"tags":[4050],"class_list":["post-17832","post","type-post","status-publish","format-standard","has-post-thumbnail","","category-arabe-internacional-politica","category-noticias-politicas","tag-putin-anuncia-el-alcance-de-un-acuerdo-de-tregua-en-ucrania-a-partir-del-15-de-febrero"],"_links":{"self":[{"href":"https:\/\/archive.sana.sy\/es\/index.php?rest_route=\/wp\/v2\/posts\/17832"}],"collection":[{"href":"https:\/\/archive.sana.sy\/es\/index.php?rest_route=\/wp\/v2\/posts"}],"about":[{"href":"https:\/\/archive.sana.sy\/es\/index.php?rest_route=\/wp\/v2\/types\/post"}],"author":[{"embeddable":true,"href":"https:\/\/archive.sana.sy\/es\/index.php?rest_route=\/wp\/v2\/users\/1"}],"replies":[{"embeddable":true,"href":"https:\/\/archive.sana.sy\/es\/index.php?rest_route=%2Fwp%2Fv2%2Fcomments&post=17832"}],"version-history":[{"count":0,"href":"https:\/\/archive.sana.sy\/es\/index.php?rest_route=\/wp\/v2\/posts\/17832\/revisions"}],"wp:featuredmedia":[{"embeddable":true,"href":"https:\/\/archive.sana.sy\/es\/index.php?rest_route=\/wp\/v2\/media\/17833"}],"wp:attachment":[{"href":"https:\/\/archive.sana.sy\/es\/index.php?rest_route=%2Fwp%2Fv2%2Fmedia&parent=17832"}],"wp:term":[{"taxonomy":"category","embeddable":true,"href":"https:\/\/archive.sana.sy\/es\/index.php?rest_route=%2Fwp%2Fv2%2Fcategories&post=17832"},{"taxonomy":"post_tag","embeddable":true,"href":"https:\/\/archive.sana.sy\/es\/index.php?rest_route=%2Fwp%2Fv2%2Ftags&post=17832"}],"curies":[{"name":"wp","href":"https:\/\/api.w.org\/{rel}","templated":true}]}}