{"id":178338,"date":"2021-05-05T16:39:26","date_gmt":"2021-05-05T13:39:26","guid":{"rendered":"http:\/\/107.6.182.27\/es\/?p=178338"},"modified":"2021-05-06T06:46:43","modified_gmt":"2021-05-06T03:46:43","slug":"siria-reitera-su-apoyo-a-iran-en-las-conversaciones-de-viena-sobre-el-acuerdo-nuclear","status":"publish","type":"post","link":"https:\/\/archive.sana.sy\/es\/?p=178338","title":{"rendered":"Cancilleres de Siria e Ir\u00e1n sostienen conversaciones"},"content":{"rendered":"<p style=\"text-align: justify;\"><strong><span style=\"color: #800000;\">Damasco, SANA<\/span><\/strong><\/p>\n<p style=\"text-align: justify;\">El Ministro de Relaciones Exteriores y Expatriados, Faisal al-Mekdad debati\u00f3 telef\u00f3nicamente este mi\u00e9rcoles con su par iran\u00ed, Yavad Zarif, el desarrollo del escenario pol\u00edtico en ambas naciones, la regi\u00f3n y el mundo.<\/p>\n<p style=\"text-align: justify;\">La llamada telef\u00f3nica fue una iniciativa de la parte siria.<\/p>\n<p style=\"text-align: justify;\">El Canciller sirio abord\u00f3 los preparativos de las elecciones presidenciales sirias a celebrarse este mes, enfatizando la importancia de estos comicios para el pueblo sirio que no escatimar\u00e1 esfuerzo para que se realicen con \u00e9xito y en su tiempo fijado.<\/p>\n<p style=\"text-align: justify;\">En otro contexto, el canciller al-Mekdad reiter\u00f3 el rechazo a las medidas unilaterales impuestas por EEUU y Occidente a Siria e Ir\u00e1n, y exigi\u00f3 el levantamiento inmediato de este bloqueo econ\u00f3mico que afecta la vida de la ciudadan\u00eda y desenmascara otra vez m\u00e1s la hipocres\u00eda de los pa\u00edses occidentales.<\/p>\n<p style=\"text-align: justify;\">Asimismo elogi\u00f3 los esfuerzos desempe\u00f1ados por Teher\u00e1n para apoyar y reforzar la resistencia a Siria ante estas medidas coercitivas, y reiter\u00f3 la postura siria en rechazo al terrorismo econ\u00f3mico que practica Washington con vistas a socavar el apego de los sirios a la soberan\u00eda e unidad de su patria.<\/p>\n<p style=\"text-align: justify;\">El jefe de la diplomacia siria expres\u00f3 el apoyo de Damasco a Ir\u00e1n en las conversaciones que se desarrollan en Viena para que el pa\u00eds amigo regrese al acuerdo nuclear.<\/p>\n<p style=\"text-align: justify;\">Por su parte, el Canciller iran\u00ed agradeci\u00f3 la postura solidaria de Siria y manifest\u00f3 el apoyo de su pa\u00eds a unas presidenciales guiadas por el pueblo y la Constituci\u00f3n sirios, rechazando cualquier intento para obstaculizarlas.<\/p>\n<p style=\"text-align: justify;\">En otro marco Zarif hizo una panor\u00e1mica sobre la evoluci\u00f3n de las conversaciones en Viena relativas al acuerdo nuclear.<\/p>\n<p style=\"text-align: justify;\">Renov\u00f3 la posici\u00f3n de su pa\u00eds en apoyo a Siria frente al terrorismo y el impacto nocivo de las medidas unilaterales que se aplican contra todos los pueblos que se niegan a los esquemas hegem\u00f3nicas, incluidos los pueblos sirio e iran\u00ed.<\/p>\n<p style=\"text-align: justify;\">Denunci\u00f3 las agresiones israel\u00edes criminales y alab\u00f3 la valent\u00eda del Ej\u00e9rcito sirio a la hora de contrarrestar las mismas y toda acci\u00f3n que pueda amenazar la seguridad del pueblo sirio.<\/p>\n<p style=\"text-align: justify;\">De igual manera, ambos ministros condenaron las violaciones israel\u00edes contra el pueblo palestino, especialmente los intentos de judaizaci\u00f3n y saqueo de las propiedades palestinas, y enfatizaron la solidaridad de Siria e Ir\u00e1n con la lucha y los derechos inalienables del pueblo palestino.<\/p>\n<p style=\"text-align: justify;\"><span style=\"color: #0000ff;\"><em><strong>la<\/strong><\/em><\/span><\/p>\n","protected":false},"excerpt":{"rendered":"<p>Damasco, SANA El Ministro de Relaciones Exteriores y Expatriados, Faisal al-Mekdad debati\u00f3 telef\u00f3nicamente este mi\u00e9rcoles con su par iran\u00ed, Yavad Zarif, el desarrollo del escenario pol\u00edtico en ambas naciones, la regi\u00f3n y el mundo. La llamada telef\u00f3nica fue una iniciativa de la parte siria. El Canciller sirio abord\u00f3 los preparativos de las elecciones presidenciales sirias &hellip;<\/p>\n","protected":false},"author":24,"featured_media":178339,"comment_status":"closed","ping_status":"closed","sticky":false,"template":"","format":"standard","meta":{"footnotes":""},"categories":[597,467,7541],"tags":[],"class_list":["post-178338","post","type-post","status-publish","format-standard","has-post-thumbnail","","category-cinta-de-noticias","category-siria-y-el-mundo","category-ultimas-noticias"],"_links":{"self":[{"href":"https:\/\/archive.sana.sy\/es\/index.php?rest_route=\/wp\/v2\/posts\/178338"}],"collection":[{"href":"https:\/\/archive.sana.sy\/es\/index.php?rest_route=\/wp\/v2\/posts"}],"about":[{"href":"https:\/\/archive.sana.sy\/es\/index.php?rest_route=\/wp\/v2\/types\/post"}],"author":[{"embeddable":true,"href":"https:\/\/archive.sana.sy\/es\/index.php?rest_route=\/wp\/v2\/users\/24"}],"replies":[{"embeddable":true,"href":"https:\/\/archive.sana.sy\/es\/index.php?rest_route=%2Fwp%2Fv2%2Fcomments&post=178338"}],"version-history":[{"count":0,"href":"https:\/\/archive.sana.sy\/es\/index.php?rest_route=\/wp\/v2\/posts\/178338\/revisions"}],"wp:featuredmedia":[{"embeddable":true,"href":"https:\/\/archive.sana.sy\/es\/index.php?rest_route=\/wp\/v2\/media\/178339"}],"wp:attachment":[{"href":"https:\/\/archive.sana.sy\/es\/index.php?rest_route=%2Fwp%2Fv2%2Fmedia&parent=178338"}],"wp:term":[{"taxonomy":"category","embeddable":true,"href":"https:\/\/archive.sana.sy\/es\/index.php?rest_route=%2Fwp%2Fv2%2Fcategories&post=178338"},{"taxonomy":"post_tag","embeddable":true,"href":"https:\/\/archive.sana.sy\/es\/index.php?rest_route=%2Fwp%2Fv2%2Ftags&post=178338"}],"curies":[{"name":"wp","href":"https:\/\/api.w.org\/{rel}","templated":true}]}}