{"id":178392,"date":"2021-05-05T20:45:09","date_gmt":"2021-05-05T17:45:09","guid":{"rendered":"http:\/\/107.6.182.27\/es\/?p=178392"},"modified":"2021-05-06T09:13:06","modified_gmt":"2021-05-06T06:13:06","slug":"siria-lanza-plataforma-online-de-registro-para-vacunarse-contra-covid-19","status":"publish","type":"post","link":"https:\/\/archive.sana.sy\/es\/?p=178392","title":{"rendered":"Siria lanza plataforma online de inscripci\u00f3n para vacunarse contra Covid-19"},"content":{"rendered":"<p style=\"text-align: justify;\"><strong><span style=\"color: #800000;\">Damasco, SANA<\/span><\/strong><\/p>\n<p style=\"text-align: justify;\">El Ministerio de Salud de Siria habilit\u00f3 una plataforma online para el registro de vacunaci\u00f3n contra la Covid-19 ante todos los ciudadanos que deseen vacunarse.<\/p>\n<p style=\"text-align: justify;\">Seg\u00fan explica el ministerio en un comunicado, se trata de inscribir a quienes deseen ser vacunados contra el nuevo Coronavirus, agregando que la vacunaci\u00f3n no es obligatoria.<\/p>\n<p style=\"text-align: justify;\">Este registro va dirigido principalmente al personal m\u00e9dico y las personas m\u00e1s vulnerables como ancianos, pacientes con enfermedades cr\u00f3nicas y personas mayores de 55 a\u00f1os.<\/p>\n<p style=\"text-align: justify;\">El ministro de Salud, Hassan el-Ghebash, habl\u00f3 por su parte, sobre la situaci\u00f3n en la que se encuentra la tercera ola de Covid-19 en el pa\u00eds y asegur\u00f3 que \u201cla curva epidemiol\u00f3gica comenz\u00f3 a aplanarse.<\/p>\n<p style=\"text-align: justify;\">El titular de salud afirm\u00f3 que la vacuna contra covid-19 ser\u00e1 totalmente gratuita para la poblaci\u00f3n.<\/p>\n<p style=\"text-align: justify;\">La p\u00e1gina para ingresar al registro de vacunaci\u00f3n es: http:\/\/covid19.moh.gov.sy<\/p>\n<p style=\"text-align: justify;\"><span style=\"color: #0000ff;\"><em>mm\/fm<\/em><\/span><\/p>\n","protected":false},"excerpt":{"rendered":"<p>Damasco, SANA El Ministerio de Salud de Siria habilit\u00f3 una plataforma online para el registro de vacunaci\u00f3n contra la Covid-19 ante todos los ciudadanos que deseen vacunarse. Seg\u00fan explica el ministerio en un comunicado, se trata de inscribir a quienes deseen ser vacunados contra el nuevo Coronavirus, agregando que la vacunaci\u00f3n no es obligatoria. Este &hellip;<\/p>\n","protected":false},"author":36,"featured_media":178393,"comment_status":"closed","ping_status":"closed","sticky":false,"template":"","format":"standard","meta":{"footnotes":""},"categories":[597,476,7541],"tags":[],"class_list":["post-178392","post","type-post","status-publish","format-standard","has-post-thumbnail","","category-cinta-de-noticias","category-locales","category-ultimas-noticias"],"_links":{"self":[{"href":"https:\/\/archive.sana.sy\/es\/index.php?rest_route=\/wp\/v2\/posts\/178392"}],"collection":[{"href":"https:\/\/archive.sana.sy\/es\/index.php?rest_route=\/wp\/v2\/posts"}],"about":[{"href":"https:\/\/archive.sana.sy\/es\/index.php?rest_route=\/wp\/v2\/types\/post"}],"author":[{"embeddable":true,"href":"https:\/\/archive.sana.sy\/es\/index.php?rest_route=\/wp\/v2\/users\/36"}],"replies":[{"embeddable":true,"href":"https:\/\/archive.sana.sy\/es\/index.php?rest_route=%2Fwp%2Fv2%2Fcomments&post=178392"}],"version-history":[{"count":0,"href":"https:\/\/archive.sana.sy\/es\/index.php?rest_route=\/wp\/v2\/posts\/178392\/revisions"}],"wp:featuredmedia":[{"embeddable":true,"href":"https:\/\/archive.sana.sy\/es\/index.php?rest_route=\/wp\/v2\/media\/178393"}],"wp:attachment":[{"href":"https:\/\/archive.sana.sy\/es\/index.php?rest_route=%2Fwp%2Fv2%2Fmedia&parent=178392"}],"wp:term":[{"taxonomy":"category","embeddable":true,"href":"https:\/\/archive.sana.sy\/es\/index.php?rest_route=%2Fwp%2Fv2%2Fcategories&post=178392"},{"taxonomy":"post_tag","embeddable":true,"href":"https:\/\/archive.sana.sy\/es\/index.php?rest_route=%2Fwp%2Fv2%2Ftags&post=178392"}],"curies":[{"name":"wp","href":"https:\/\/api.w.org\/{rel}","templated":true}]}}