{"id":178396,"date":"2021-05-06T06:21:55","date_gmt":"2021-05-06T03:21:55","guid":{"rendered":"http:\/\/107.6.182.27\/es\/?p=178396"},"modified":"2023-01-10T14:29:00","modified_gmt":"2023-01-10T12:29:00","slug":"helicoptero-israeli-dispara-misil-contra-la-provincia-siria-de-quneitra","status":"publish","type":"post","link":"https:\/\/archive.sana.sy\/es\/?p=178396","title":{"rendered":"Helic\u00f3ptero israel\u00ed dispara misil contra la provincia siria de Quneitra"},"content":{"rendered":"<p style=\"text-align: justify;\"><span style=\"color: #800000;\"><strong>Quneitra, SANA<\/strong><\/span><\/p>\n<p style=\"text-align: justify;\">El enemigo israel\u00ed atac\u00f3 despu\u00e9s de la medianoche del mi\u00e9rcoles, una de las zonas en la provincia suroccidental siria de Quneitra.<\/p>\n<p style=\"text-align: justify;\">De acuerdo a reportes del corresponsal de SANA en Quneitra, un helic\u00f3ptero del enemigo israel\u00ed dispar\u00f3 un misil contra una zona en la localidad de Jubata al-Khashab.<\/p>\n<p style=\"text-align: justify;\">El corresponsal indic\u00f3 que la agresi\u00f3n no caus\u00f3 p\u00e9rdidas.<\/p>\n<p style=\"text-align: justify;\"><span style=\"color: #0000ff;\"><strong>fm<\/strong><\/span><\/p>\n","protected":false},"excerpt":{"rendered":"<p>Quneitra, SANA El enemigo israel\u00ed atac\u00f3 despu\u00e9s de la medianoche del mi\u00e9rcoles, una de las zonas en la provincia suroccidental siria de Quneitra. De acuerdo a reportes del corresponsal de SANA en Quneitra, un helic\u00f3ptero del enemigo israel\u00ed dispar\u00f3 un misil contra una zona en la localidad de Jubata al-Khashab. El corresponsal indic\u00f3 que la &hellip;<\/p>\n","protected":false},"author":34,"featured_media":178397,"comment_status":"closed","ping_status":"closed","sticky":false,"template":"","format":"standard","meta":{"footnotes":""},"categories":[447,477,597,476,457,7541],"tags":[],"class_list":["post-178396","post","type-post","status-publish","format-standard","has-post-thumbnail","","category-local-politica","category-noticias-edulcorantes","category-cinta-de-noticias","category-locales","category-noticias-arabe-internacional-politica","category-ultimas-noticias"],"_links":{"self":[{"href":"https:\/\/archive.sana.sy\/es\/index.php?rest_route=\/wp\/v2\/posts\/178396"}],"collection":[{"href":"https:\/\/archive.sana.sy\/es\/index.php?rest_route=\/wp\/v2\/posts"}],"about":[{"href":"https:\/\/archive.sana.sy\/es\/index.php?rest_route=\/wp\/v2\/types\/post"}],"author":[{"embeddable":true,"href":"https:\/\/archive.sana.sy\/es\/index.php?rest_route=\/wp\/v2\/users\/34"}],"replies":[{"embeddable":true,"href":"https:\/\/archive.sana.sy\/es\/index.php?rest_route=%2Fwp%2Fv2%2Fcomments&post=178396"}],"version-history":[{"count":0,"href":"https:\/\/archive.sana.sy\/es\/index.php?rest_route=\/wp\/v2\/posts\/178396\/revisions"}],"wp:featuredmedia":[{"embeddable":true,"href":"https:\/\/archive.sana.sy\/es\/index.php?rest_route=\/wp\/v2\/media\/178397"}],"wp:attachment":[{"href":"https:\/\/archive.sana.sy\/es\/index.php?rest_route=%2Fwp%2Fv2%2Fmedia&parent=178396"}],"wp:term":[{"taxonomy":"category","embeddable":true,"href":"https:\/\/archive.sana.sy\/es\/index.php?rest_route=%2Fwp%2Fv2%2Fcategories&post=178396"},{"taxonomy":"post_tag","embeddable":true,"href":"https:\/\/archive.sana.sy\/es\/index.php?rest_route=%2Fwp%2Fv2%2Ftags&post=178396"}],"curies":[{"name":"wp","href":"https:\/\/api.w.org\/{rel}","templated":true}]}}