{"id":178404,"date":"2021-05-06T19:17:57","date_gmt":"2021-05-06T16:17:57","guid":{"rendered":"http:\/\/107.6.182.27\/es\/?p=178404"},"modified":"2023-01-10T14:28:59","modified_gmt":"2023-01-10T12:28:59","slug":"siria-conmemora-el-dia-de-martires","status":"publish","type":"post","link":"https:\/\/archive.sana.sy\/es\/?p=178404","title":{"rendered":"Siria conmemora el D\u00eda de M\u00e1rtires"},"content":{"rendered":"<p style=\"text-align: justify;\"><span style=\"color: #800000;\"><strong>Damasco, SANA<\/strong><\/span><\/p>\n<p style=\"text-align: justify;\">Siria conmemora el seis de mayo de cada a\u00f1o el D\u00eda de los M\u00e1rtires, ocasi\u00f3n en la que el pueblo sirio rinde tributo a sus ca\u00eddos en la lucha contra el terrorismo.<\/p>\n<p style=\"text-align: justify;\">La raz\u00f3n de elegir esta fecha es la condena a muerte por parte de las autoridades del Imperio Otomano a varios patriotas sirios, tanto en Beirut como en Damasco, el 6 de mayo de 1916.<\/p>\n<p style=\"text-align: justify;\">La ocupaci\u00f3n otomana al mundo \u00e1rabe dur\u00f3 cuatro siglos, y los \u00faltimos a\u00f1os fueron testigos de grandes injusticias, lo cual llev\u00f3 a la creaci\u00f3n de muchas Organizaciones \u00c1rabes Secretas contra la ocupaci\u00f3n; la mayor\u00eda de las cuales fueron fundadas en las ciudades de Damasco y Beirut y luchaban por la libertad, la justicia y la igualdad.<\/p>\n<p style=\"text-align: justify;\">Jamal Basha, conocido como el carnicero, fue nombrado como Comandante del Ej\u00e9rcito otomano en Siria en 1915, y se impuso como gobernante totalitario y tirano.<\/p>\n<p style=\"text-align: justify;\">Basha orden\u00f3 la detenci\u00f3n de los dirigentes del movimiento intelectual y patri\u00f3tico sirio; y el 21 de agosto de 1915, ejecut\u00f3 a 11 activistas de diferentes partes del pa\u00eds como Damasco, Balbek, Beirut, Hama y Jenin\u2026<\/p>\n<p style=\"text-align: justify;\">Asimismo, continu\u00f3 su pol\u00edtica de opresi\u00f3n y terrorismo, y emiti\u00f3 una condena a muerte contra 21 l\u00edderes patri\u00f3ticos nacionales, acus\u00e1ndoles de traici\u00f3n y de trabajar por separar a los pa\u00edses \u00e1rabes del Imperio Otomano. 11 de esos patriotas fueron ahorcados en Beirut el 21 de agosto de 1915.<\/p>\n<p style=\"text-align: justify;\">Luego, se aplic\u00f3 la pena de muerte contra otro grupo de patriotas el 6 de mayo de 1916, donde fueron ahorcados 14 patriotas en la plaza Burej en Beirut y siete patriotas en la plaza Marjeh en Damasco, y desde aquel entonces se dio a esta plaza el nombre de Plaza de M\u00e1rtires.<\/p>\n<p style=\"text-align: justify;\">La ejecuci\u00f3n de esos l\u00edderes nacionales se ha convertido en faro que ilumin\u00f3 la ruta de lucha del pueblo sirio que logr\u00f3 luego, liberarse de la ocupaci\u00f3n otomano y del colonialismo franc\u00e9s.<\/p>\n<p style=\"text-align: justify;\">Desde el inicio de la guerra terrorista impuesta en 2011, miles de soldados del ej\u00e9rcito dieron sus vidas para derrotar a los grupos terroristas armados y defender la soberan\u00eda y el futuro de Siria.<\/p>\n<p style=\"text-align: justify;\">En esta fecha, todos los sirios se dirigen a los cementerios para rendir tributo a los ca\u00eddos en la lucha antiterrorista y colocar ramos de flores sobre sus tumbas.<\/p>\n<p style=\"text-align: justify;\"><strong>Gloria eterna a los m\u00e1rtires sirios que cayeron por su patria y por toda la humanidad<\/strong><\/p>\n<p style=\"text-align: justify;\"><span style=\"color: #0000ff;\"><strong>fm<\/strong><\/span><\/p>\n<p style=\"text-align: justify;\">\n","protected":false},"excerpt":{"rendered":"<p>Damasco, SANA Siria conmemora el seis de mayo de cada a\u00f1o el D\u00eda de los M\u00e1rtires, ocasi\u00f3n en la que el pueblo sirio rinde tributo a sus ca\u00eddos en la lucha contra el terrorismo. La raz\u00f3n de elegir esta fecha es la condena a muerte por parte de las autoridades del Imperio Otomano a varios &hellip;<\/p>\n","protected":false},"author":34,"featured_media":178405,"comment_status":"closed","ping_status":"closed","sticky":false,"template":"","format":"standard","meta":{"footnotes":""},"categories":[447,477,597,476,457,7541,18781],"tags":[],"class_list":["post-178404","post","type-post","status-publish","format-standard","has-post-thumbnail","","category-local-politica","category-noticias-edulcorantes","category-cinta-de-noticias","category-locales","category-noticias-arabe-internacional-politica","category-ultimas-noticias","category-vistazos-sobre-siria"],"_links":{"self":[{"href":"https:\/\/archive.sana.sy\/es\/index.php?rest_route=\/wp\/v2\/posts\/178404"}],"collection":[{"href":"https:\/\/archive.sana.sy\/es\/index.php?rest_route=\/wp\/v2\/posts"}],"about":[{"href":"https:\/\/archive.sana.sy\/es\/index.php?rest_route=\/wp\/v2\/types\/post"}],"author":[{"embeddable":true,"href":"https:\/\/archive.sana.sy\/es\/index.php?rest_route=\/wp\/v2\/users\/34"}],"replies":[{"embeddable":true,"href":"https:\/\/archive.sana.sy\/es\/index.php?rest_route=%2Fwp%2Fv2%2Fcomments&post=178404"}],"version-history":[{"count":0,"href":"https:\/\/archive.sana.sy\/es\/index.php?rest_route=\/wp\/v2\/posts\/178404\/revisions"}],"wp:featuredmedia":[{"embeddable":true,"href":"https:\/\/archive.sana.sy\/es\/index.php?rest_route=\/wp\/v2\/media\/178405"}],"wp:attachment":[{"href":"https:\/\/archive.sana.sy\/es\/index.php?rest_route=%2Fwp%2Fv2%2Fmedia&parent=178404"}],"wp:term":[{"taxonomy":"category","embeddable":true,"href":"https:\/\/archive.sana.sy\/es\/index.php?rest_route=%2Fwp%2Fv2%2Fcategories&post=178404"},{"taxonomy":"post_tag","embeddable":true,"href":"https:\/\/archive.sana.sy\/es\/index.php?rest_route=%2Fwp%2Fv2%2Ftags&post=178404"}],"curies":[{"name":"wp","href":"https:\/\/api.w.org\/{rel}","templated":true}]}}