{"id":17841,"date":"2015-02-12T15:10:52","date_gmt":"2015-02-12T13:10:52","guid":{"rendered":"http:\/\/www.sana.sy\/es\/?p=17841"},"modified":"2015-02-12T15:10:52","modified_gmt":"2015-02-12T13:10:52","slug":"primer-ministro-destaca-creciente-papel-de-la-resistencia-popular-en-deir-ezzor","status":"publish","type":"post","link":"https:\/\/archive.sana.sy\/es\/?p=17841","title":{"rendered":"Primer Ministro destaca creciente papel de la resistencia popular en Deir Ezzor"},"content":{"rendered":"<div><span style=\"color: #ff0000\">Damasco, SANA<\/span><\/div>\n<div><\/div>\n<div><span lang=\"ES-TRAD\">El Primer Ministro, Wael al-Halaqui, subray\u00f3 que la etapa actual requiere la concertaci\u00f3n de todos los esfuerzos formular las actuales y futuras pol\u00edticas nacionales y el fortalecimiento de la firmeza del pueblo sirio, as\u00ed como acelerar la reconciliaci\u00f3n nacional y combatir a las organizaciones terroristas hasta el logro de la seguridad social.<\/span><\/div>\n<div><\/div>\n<div><span lang=\"ES-TRAD\">Durante su reuni\u00f3n con los parlamentarios de la provincia de Deir Ezzor, al-Halaqui elogio la creciente resistencia popular contra las organizaciones terroristas armadas en la provincia de Deir Ezzor.<\/span><\/div>\n<div><\/div>\n<div><span lang=\"ES-TRAD\">Tambi\u00e9n, hizo alusi\u00f3n a las grandes victorias logradas por el ej\u00e9rcito sirio en la Regi\u00f3n Sur, asegurando que estas victorias se extender\u00e1n a la provincia de Deir Ezzor.<\/span><\/div>\n<div><\/div>\n<div><span lang=\"ES-TRAD\">A su vez, los diputados de la Asamblea del Pueblo hablaron del sufrimiento de los ciudadanos a consecuencia de los ataques de las organizaciones terroristas armadas y sus cr\u00edmenes de asesinato y de saqueo y robo a los suministros de alimentos destinados a la provincia, as\u00ed como el sabotaje a las l\u00edneas el\u00e9ctricas y de telecomunicaciones.<\/span><\/div>\n<div class=\"yj6qo ajU\">\n<div id=\":12m\" class=\"ajR\"><img decoding=\"async\" class=\"ajT\" src=\"https:\/\/ssl.gstatic.com\/ui\/v1\/icons\/mail\/images\/cleardot.gif\" alt=\"\" \/><\/div>\n<div class=\"ajR\"><span style=\"color: #00ccff\">Fady M., Hala B.<\/span><\/div>\n<\/div>\n","protected":false},"excerpt":{"rendered":"<p>Damasco, SANA El Primer Ministro, Wael al-Halaqui, subray\u00f3 que la etapa actual requiere la concertaci\u00f3n de todos los esfuerzos formular las actuales y futuras pol\u00edticas nacionales y el fortalecimiento de la firmeza del pueblo sirio, as\u00ed como acelerar la reconciliaci\u00f3n nacional y combatir a las organizaciones terroristas hasta el logro de la seguridad social. Durante &hellip;<\/p>\n","protected":false},"author":1,"featured_media":17842,"comment_status":"closed","ping_status":"closed","sticky":false,"template":"","format":"standard","meta":{"footnotes":""},"categories":[597,476],"tags":[4053],"class_list":["post-17841","post","type-post","status-publish","format-standard","has-post-thumbnail","","category-cinta-de-noticias","category-locales","tag-primer-ministro-destaca-creciente-papel-de-la-resistencia-popular-en-deir-ezzor"],"_links":{"self":[{"href":"https:\/\/archive.sana.sy\/es\/index.php?rest_route=\/wp\/v2\/posts\/17841"}],"collection":[{"href":"https:\/\/archive.sana.sy\/es\/index.php?rest_route=\/wp\/v2\/posts"}],"about":[{"href":"https:\/\/archive.sana.sy\/es\/index.php?rest_route=\/wp\/v2\/types\/post"}],"author":[{"embeddable":true,"href":"https:\/\/archive.sana.sy\/es\/index.php?rest_route=\/wp\/v2\/users\/1"}],"replies":[{"embeddable":true,"href":"https:\/\/archive.sana.sy\/es\/index.php?rest_route=%2Fwp%2Fv2%2Fcomments&post=17841"}],"version-history":[{"count":0,"href":"https:\/\/archive.sana.sy\/es\/index.php?rest_route=\/wp\/v2\/posts\/17841\/revisions"}],"wp:featuredmedia":[{"embeddable":true,"href":"https:\/\/archive.sana.sy\/es\/index.php?rest_route=\/wp\/v2\/media\/17842"}],"wp:attachment":[{"href":"https:\/\/archive.sana.sy\/es\/index.php?rest_route=%2Fwp%2Fv2%2Fmedia&parent=17841"}],"wp:term":[{"taxonomy":"category","embeddable":true,"href":"https:\/\/archive.sana.sy\/es\/index.php?rest_route=%2Fwp%2Fv2%2Fcategories&post=17841"},{"taxonomy":"post_tag","embeddable":true,"href":"https:\/\/archive.sana.sy\/es\/index.php?rest_route=%2Fwp%2Fv2%2Ftags&post=17841"}],"curies":[{"name":"wp","href":"https:\/\/api.w.org\/{rel}","templated":true}]}}