{"id":178410,"date":"2021-05-06T01:21:20","date_gmt":"2021-05-05T22:21:20","guid":{"rendered":"http:\/\/107.6.182.27\/es\/?p=178410"},"modified":"2023-01-10T14:29:01","modified_gmt":"2023-01-10T12:29:01","slug":"siria-cifra-diaria-de-recuperados-de-la-covid-19-supera-la-de-nuevos-casos","status":"publish","type":"post","link":"https:\/\/archive.sana.sy\/es\/?p=178410","title":{"rendered":"Siria: cifra diaria de recuperados de la Covid-19 supera la de nuevos casos"},"content":{"rendered":"<p style=\"text-align: justify;\"><span style=\"color: #800000;\"><strong>Damasco-SANA<\/strong><\/span><\/p>\n<p style=\"text-align: justify;\">El Ministerio de Salud confirm\u00f3 por medio de un comunicado de prensa, que 70 personas dieron positivo a la Covid-19 en las \u00faltimas 24 horas.<\/p>\n<p style=\"text-align: justify;\">La nota precis\u00f3 que hubo en la misma jornada 196 casos de recuperaci\u00f3n y ocho muertos.<\/p>\n<p style=\"text-align: justify;\">El n\u00famero de casos de nuevo Coronavirus registrados hasta la fecha en Siria ascendi\u00f3 a 23.121, incluidos 17.725 recuperados y 1.625 decesos.<\/p>\n<p style=\"text-align: justify;\"><span style=\"color: #0000ff;\"><strong>fm<\/strong><\/span><\/p>\n","protected":false},"excerpt":{"rendered":"<p>Damasco-SANA El Ministerio de Salud confirm\u00f3 por medio de un comunicado de prensa, que 70 personas dieron positivo a la Covid-19 en las \u00faltimas 24 horas. La nota precis\u00f3 que hubo en la misma jornada 196 casos de recuperaci\u00f3n y ocho muertos. El n\u00famero de casos de nuevo Coronavirus registrados hasta la fecha en Siria &hellip;<\/p>\n","protected":false},"author":34,"featured_media":178411,"comment_status":"closed","ping_status":"closed","sticky":false,"template":"","format":"standard","meta":{"footnotes":""},"categories":[447,477,597,476,457,7541],"tags":[],"class_list":["post-178410","post","type-post","status-publish","format-standard","has-post-thumbnail","","category-local-politica","category-noticias-edulcorantes","category-cinta-de-noticias","category-locales","category-noticias-arabe-internacional-politica","category-ultimas-noticias"],"_links":{"self":[{"href":"https:\/\/archive.sana.sy\/es\/index.php?rest_route=\/wp\/v2\/posts\/178410"}],"collection":[{"href":"https:\/\/archive.sana.sy\/es\/index.php?rest_route=\/wp\/v2\/posts"}],"about":[{"href":"https:\/\/archive.sana.sy\/es\/index.php?rest_route=\/wp\/v2\/types\/post"}],"author":[{"embeddable":true,"href":"https:\/\/archive.sana.sy\/es\/index.php?rest_route=\/wp\/v2\/users\/34"}],"replies":[{"embeddable":true,"href":"https:\/\/archive.sana.sy\/es\/index.php?rest_route=%2Fwp%2Fv2%2Fcomments&post=178410"}],"version-history":[{"count":0,"href":"https:\/\/archive.sana.sy\/es\/index.php?rest_route=\/wp\/v2\/posts\/178410\/revisions"}],"wp:featuredmedia":[{"embeddable":true,"href":"https:\/\/archive.sana.sy\/es\/index.php?rest_route=\/wp\/v2\/media\/178411"}],"wp:attachment":[{"href":"https:\/\/archive.sana.sy\/es\/index.php?rest_route=%2Fwp%2Fv2%2Fmedia&parent=178410"}],"wp:term":[{"taxonomy":"category","embeddable":true,"href":"https:\/\/archive.sana.sy\/es\/index.php?rest_route=%2Fwp%2Fv2%2Fcategories&post=178410"},{"taxonomy":"post_tag","embeddable":true,"href":"https:\/\/archive.sana.sy\/es\/index.php?rest_route=%2Fwp%2Fv2%2Ftags&post=178410"}],"curies":[{"name":"wp","href":"https:\/\/api.w.org\/{rel}","templated":true}]}}