{"id":178429,"date":"2021-05-06T10:00:39","date_gmt":"2021-05-06T07:00:39","guid":{"rendered":"http:\/\/107.6.182.27\/es\/?p=178429"},"modified":"2021-05-06T10:11:19","modified_gmt":"2021-05-06T07:11:19","slug":"fearab-america-las-elecciones-presidenciales-confirman-apego-de-los-sirios-a-la-independencia-de-las-decisiones-nacionales","status":"publish","type":"post","link":"https:\/\/archive.sana.sy\/es\/?p=178429","title":{"rendered":"Fearab-Am\u00e9rica: las elecciones presidenciales confirman apego de los sirios a la independencia de las decisiones nacionales"},"content":{"rendered":"<p style=\"text-align: justify;\"><strong><span style=\"color: #800000;\">La Habana, SANA<\/span><\/strong><\/p>\n<p style=\"text-align: justify;\">El jefe de la Federaci\u00f3n de Entidades \u00c1rabes de Am\u00e9rica Latina \u201cFearab Am\u00e9rica\u201d, Alfredo Deriche Guti\u00e9rrez, afirm\u00f3 que la celebraci\u00f3n de las elecciones presidenciales a tiempo demuestra la adhesi\u00f3n de los sirios a la independencia de la decisi\u00f3n nacional de su pa\u00eds y a su unidad y soberan\u00eda.<\/p>\n<p style=\"text-align: justify;\">Durante una reuni\u00f3n con el Embajador de Siria en Cuba, Idris Mayya, en la sede de la misi\u00f3n diplom\u00e1tica, Guti\u00e9rrez destac\u00f3 la importancia de levantar las medidas coercitivas unilaterales y el asedio criminal impuesto al pueblo sirio.<\/p>\n<p style=\"text-align: justify;\">Expres\u00f3 la solidaridad de la organizaci\u00f3n con Siria ante la guerra terrorista militar y econ\u00f3mica que se libra en su contra ella, y su apoyo a la expulsi\u00f3n de todas las fuerzas extranjeras desplegadas en su territorio ilegalmente.<\/p>\n<p style=\"text-align: justify;\">Mayya, por su parte, afirm\u00f3 que los sirios dentro y fuera de Siria demostrar\u00e1n y a trav\u00e9s de su intensa participaci\u00f3n su rechazo a todos los intentos de trastocar las elecciones presidenciales que coronan el proceso de logros y victorias de Siria ante la injusta guerra global en su contra.<\/p>\n<p style=\"text-align: justify;\">Expres\u00f3 su agradecimiento a Fearab por sus posturas de apoyo a Siria, subrayando la importancia del papel que puede desempe\u00f1ar a trav\u00e9s de su solidaridad.<\/p>\n<p style=\"text-align: justify;\"><strong><span style=\"color: #0000ff;\">ed\/fm<\/span><\/strong><\/p>\n","protected":false},"excerpt":{"rendered":"<p>La Habana, SANA El jefe de la Federaci\u00f3n de Entidades \u00c1rabes de Am\u00e9rica Latina \u201cFearab Am\u00e9rica\u201d, Alfredo Deriche Guti\u00e9rrez, afirm\u00f3 que la celebraci\u00f3n de las elecciones presidenciales a tiempo demuestra la adhesi\u00f3n de los sirios a la independencia de la decisi\u00f3n nacional de su pa\u00eds y a su unidad y soberan\u00eda. Durante una reuni\u00f3n con &hellip;<\/p>\n","protected":false},"author":32,"featured_media":178430,"comment_status":"closed","ping_status":"closed","sticky":false,"template":"","format":"standard","meta":{"footnotes":""},"categories":[597,467,7541],"tags":[],"class_list":["post-178429","post","type-post","status-publish","format-standard","has-post-thumbnail","","category-cinta-de-noticias","category-siria-y-el-mundo","category-ultimas-noticias"],"_links":{"self":[{"href":"https:\/\/archive.sana.sy\/es\/index.php?rest_route=\/wp\/v2\/posts\/178429"}],"collection":[{"href":"https:\/\/archive.sana.sy\/es\/index.php?rest_route=\/wp\/v2\/posts"}],"about":[{"href":"https:\/\/archive.sana.sy\/es\/index.php?rest_route=\/wp\/v2\/types\/post"}],"author":[{"embeddable":true,"href":"https:\/\/archive.sana.sy\/es\/index.php?rest_route=\/wp\/v2\/users\/32"}],"replies":[{"embeddable":true,"href":"https:\/\/archive.sana.sy\/es\/index.php?rest_route=%2Fwp%2Fv2%2Fcomments&post=178429"}],"version-history":[{"count":0,"href":"https:\/\/archive.sana.sy\/es\/index.php?rest_route=\/wp\/v2\/posts\/178429\/revisions"}],"wp:featuredmedia":[{"embeddable":true,"href":"https:\/\/archive.sana.sy\/es\/index.php?rest_route=\/wp\/v2\/media\/178430"}],"wp:attachment":[{"href":"https:\/\/archive.sana.sy\/es\/index.php?rest_route=%2Fwp%2Fv2%2Fmedia&parent=178429"}],"wp:term":[{"taxonomy":"category","embeddable":true,"href":"https:\/\/archive.sana.sy\/es\/index.php?rest_route=%2Fwp%2Fv2%2Fcategories&post=178429"},{"taxonomy":"post_tag","embeddable":true,"href":"https:\/\/archive.sana.sy\/es\/index.php?rest_route=%2Fwp%2Fv2%2Ftags&post=178429"}],"curies":[{"name":"wp","href":"https:\/\/api.w.org\/{rel}","templated":true}]}}