{"id":178451,"date":"2021-05-06T08:59:21","date_gmt":"2021-05-06T05:59:21","guid":{"rendered":"http:\/\/107.6.182.27\/es\/?p=178451"},"modified":"2021-05-06T15:27:56","modified_gmt":"2021-05-06T12:27:56","slug":"siria-coordina-con-autoridades-libanesas-facilitar-el-proceso-de-votacion-de-sirios-residentes-en-las-elecciones-presidenciales","status":"publish","type":"post","link":"https:\/\/archive.sana.sy\/es\/?p=178451","title":{"rendered":"Siria coordina con autoridades libanesas facilitar el proceso de votaci\u00f3n de sirios residentes en las elecciones presidenciales"},"content":{"rendered":"<p style=\"text-align: justify;\"><span style=\"color: #800000;\"><strong>Beirut, SANA<\/strong><\/span><\/p>\n<p style=\"text-align: justify;\">El ministro del Interior liban\u00e9s, Muhammad Fahmy, abord\u00f3 con el embajador sirio en el L\u00edbano, Ali Abdul Karim, las facilidades que se ofrecer\u00e1n a los ciudadanos sirios que residen en el L\u00edbano y que deseen ejercer su derecho al voto en las pr\u00f3ximas elecciones presidenciales sirias.<\/p>\n<p style=\"text-align: justify;\">El embajador Abdul Karim dijo que la visita es para solicitar el apoyo, atenci\u00f3n y coordinaci\u00f3n para recibir a los ciudadanos sirios que deseen votar el pr\u00f3ximo d\u00eda 20 de mayo.<\/p>\n<p style=\"text-align: justify;\">El ministro Fahmy a su vez, prometi\u00f3 brindar todas las facilidades para garantizar el buen desarrollo de la votaci\u00f3n y la llegada de los sirios de todas las regiones libanesas a la sede de la embajada para votar.<\/p>\n<p style=\"text-align: justify;\"><strong><span style=\"color: #0000ff;\">ed\/fm<\/span><\/strong><\/p>\n","protected":false},"excerpt":{"rendered":"<p>Beirut, SANA El ministro del Interior liban\u00e9s, Muhammad Fahmy, abord\u00f3 con el embajador sirio en el L\u00edbano, Ali Abdul Karim, las facilidades que se ofrecer\u00e1n a los ciudadanos sirios que residen en el L\u00edbano y que deseen ejercer su derecho al voto en las pr\u00f3ximas elecciones presidenciales sirias. El embajador Abdul Karim dijo que la &hellip;<\/p>\n","protected":false},"author":32,"featured_media":178452,"comment_status":"closed","ping_status":"closed","sticky":false,"template":"","format":"standard","meta":{"footnotes":""},"categories":[597,467,7541],"tags":[],"class_list":["post-178451","post","type-post","status-publish","format-standard","has-post-thumbnail","","category-cinta-de-noticias","category-siria-y-el-mundo","category-ultimas-noticias"],"_links":{"self":[{"href":"https:\/\/archive.sana.sy\/es\/index.php?rest_route=\/wp\/v2\/posts\/178451"}],"collection":[{"href":"https:\/\/archive.sana.sy\/es\/index.php?rest_route=\/wp\/v2\/posts"}],"about":[{"href":"https:\/\/archive.sana.sy\/es\/index.php?rest_route=\/wp\/v2\/types\/post"}],"author":[{"embeddable":true,"href":"https:\/\/archive.sana.sy\/es\/index.php?rest_route=\/wp\/v2\/users\/32"}],"replies":[{"embeddable":true,"href":"https:\/\/archive.sana.sy\/es\/index.php?rest_route=%2Fwp%2Fv2%2Fcomments&post=178451"}],"version-history":[{"count":0,"href":"https:\/\/archive.sana.sy\/es\/index.php?rest_route=\/wp\/v2\/posts\/178451\/revisions"}],"wp:featuredmedia":[{"embeddable":true,"href":"https:\/\/archive.sana.sy\/es\/index.php?rest_route=\/wp\/v2\/media\/178452"}],"wp:attachment":[{"href":"https:\/\/archive.sana.sy\/es\/index.php?rest_route=%2Fwp%2Fv2%2Fmedia&parent=178451"}],"wp:term":[{"taxonomy":"category","embeddable":true,"href":"https:\/\/archive.sana.sy\/es\/index.php?rest_route=%2Fwp%2Fv2%2Fcategories&post=178451"},{"taxonomy":"post_tag","embeddable":true,"href":"https:\/\/archive.sana.sy\/es\/index.php?rest_route=%2Fwp%2Fv2%2Ftags&post=178451"}],"curies":[{"name":"wp","href":"https:\/\/api.w.org\/{rel}","templated":true}]}}