{"id":17852,"date":"2015-02-12T16:59:37","date_gmt":"2015-02-12T14:59:37","guid":{"rendered":"http:\/\/www.sana.sy\/es\/?p=17852"},"modified":"2023-01-10T15:29:11","modified_gmt":"2023-01-10T13:29:11","slug":"ministro-de-energia-electrica-invista-las-companias-rusas-a-invertir-en-el-sector-de-electricidad-sirio","status":"publish","type":"post","link":"https:\/\/archive.sana.sy\/es\/?p=17852","title":{"rendered":"Ministro de Energ\u00eda El\u00e9ctrica invista las compa\u00f1\u00edas rusas a invertir en el sector de electricidad sirio"},"content":{"rendered":"<p>Damasco, SANA<\/p>\n<p>El ministro de Energ\u00eda El\u00e9ctrica, Imad Khamis, destac\u00f3 la importancia de alentar a las empresas que operan en el campo de electricidad en los pa\u00edses amigos de contribuir a rehabilitar las plantas el\u00e9ctricas y de transici\u00f3n sirias que fueron blancos de actos de sabotaje a manos de los terroristas.<\/p>\n<p>Al reunirse con el nuevo embajador de Rusia en Damasco, Alexander Kinchak, el ministro Khamis hizo una panor\u00e1mica sobre la guerra terrorista que sufre Siria y el injusto bloqueo econ\u00f3mico impuesto sobre todos sus sectores, especialmente los de petr\u00f3leo y energ\u00eda el\u00e9ctrica, aludiendo al papel estrat\u00e9gico que est\u00e1 desempe\u00f1ando Rusia para devolver el equilibrio al sistema mundial.<\/p>\n<p>Khamis explic\u00f3 al alto diplom\u00e1tico ruso las medidas tomadas por el gobierno sirio para aliviar el impacto de los actos terroristas librados contra el sector de energ\u00eda, y para garantizar que la electricidad siga llegando a todas las zonas sirias.<\/p>\n<p>En este contexto, el titular de Electricidad invit\u00f3 las compa\u00f1\u00edas rusas a firmar acuerdos de alto y corto plazo con Siria en el campo de las energ\u00edas alternativa y tradicional, contribuir a establecer nuevas plantas de generaci\u00f3n, proveer el combustible necesario para el funcionamiento de las plantas actuales, as\u00ed como crear un comit\u00e9 surgido del Alto Comit\u00e9 Sirio-Ruso, el cual se encarga de dar seguimiento a los asuntos relacionados con el sector de electricidad.<\/p>\n<p>A su vez, el embajador ruso destac\u00f3 la necesidad de seguir desarrollando las relaciones sirio-rusas, ratificando su convicci\u00f3n de que el pueblo sirio es capaz de superar la crisis y restaurar la seguridad en su pa\u00eds.<br \/>\nLynn A.<\/p>\n","protected":false},"excerpt":{"rendered":"<p>Damasco, SANA El ministro de Energ\u00eda El\u00e9ctrica, Imad Khamis, destac\u00f3 la importancia de alentar a las empresas que operan en el campo de electricidad en los pa\u00edses amigos de contribuir a rehabilitar las plantas el\u00e9ctricas y de transici\u00f3n sirias que fueron blancos de actos de sabotaje a manos de los terroristas. Al reunirse con el &hellip;<\/p>\n","protected":false},"author":24,"featured_media":17853,"comment_status":"closed","ping_status":"closed","sticky":false,"template":"","format":"standard","meta":{"footnotes":""},"categories":[447,485],"tags":[4056],"class_list":["post-17852","post","type-post","status-publish","format-standard","has-post-thumbnail","","category-local-politica","category-informes-negocios-y-finanzas","tag-ministro-de-energia-electrica-invista-las-companias-rusas-a-invertir-en-el-sector-de-electricidad-sirio"],"_links":{"self":[{"href":"https:\/\/archive.sana.sy\/es\/index.php?rest_route=\/wp\/v2\/posts\/17852"}],"collection":[{"href":"https:\/\/archive.sana.sy\/es\/index.php?rest_route=\/wp\/v2\/posts"}],"about":[{"href":"https:\/\/archive.sana.sy\/es\/index.php?rest_route=\/wp\/v2\/types\/post"}],"author":[{"embeddable":true,"href":"https:\/\/archive.sana.sy\/es\/index.php?rest_route=\/wp\/v2\/users\/24"}],"replies":[{"embeddable":true,"href":"https:\/\/archive.sana.sy\/es\/index.php?rest_route=%2Fwp%2Fv2%2Fcomments&post=17852"}],"version-history":[{"count":0,"href":"https:\/\/archive.sana.sy\/es\/index.php?rest_route=\/wp\/v2\/posts\/17852\/revisions"}],"wp:featuredmedia":[{"embeddable":true,"href":"https:\/\/archive.sana.sy\/es\/index.php?rest_route=\/wp\/v2\/media\/17853"}],"wp:attachment":[{"href":"https:\/\/archive.sana.sy\/es\/index.php?rest_route=%2Fwp%2Fv2%2Fmedia&parent=17852"}],"wp:term":[{"taxonomy":"category","embeddable":true,"href":"https:\/\/archive.sana.sy\/es\/index.php?rest_route=%2Fwp%2Fv2%2Fcategories&post=17852"},{"taxonomy":"post_tag","embeddable":true,"href":"https:\/\/archive.sana.sy\/es\/index.php?rest_route=%2Fwp%2Fv2%2Ftags&post=17852"}],"curies":[{"name":"wp","href":"https:\/\/api.w.org\/{rel}","templated":true}]}}