{"id":178534,"date":"2021-05-06T18:10:12","date_gmt":"2021-05-06T15:10:12","guid":{"rendered":"http:\/\/107.6.182.27\/es\/?p=178534"},"modified":"2023-01-12T14:41:27","modified_gmt":"2023-01-12T12:41:27","slug":"rouhani-el-pueblo-palestino-ganara-la-lucha-contra-los-sionistas","status":"publish","type":"post","link":"https:\/\/archive.sana.sy\/es\/?p=178534","title":{"rendered":"Rouhani: el pueblo palestino ganar\u00e1 la lucha contra los sionistas"},"content":{"rendered":"<p style=\"text-align: justify;\"><span style=\"color: #800000;\"><strong>Teher\u00e1n, SANA<\/strong><\/span><\/p>\n<p style=\"text-align: justify;\">El presidente iran\u00ed, Hassan Rouhani, reiter\u00f3 que el pueblo palestino ganar\u00e1 en su lucha y resistencia a los sionistas.<\/p>\n<p style=\"text-align: justify;\">&#8220;Ma\u00f1ana [\u00faltimo] viernes [de Ramad\u00e1n] es una expresi\u00f3n de solidaridad con el pueblo palestino, que durante setenta a\u00f1os ha sido expulsado de sus hogares debido a la indiferencia de la comunidad internacional, a pesar de los continuos cr\u00edmenes de los usurpadores sionistas en los territorios ocupados\u201d, dijo Rouhani en la celebraci\u00f3n del D\u00eda Internacional de Jerusal\u00e9n.<\/p>\n<p style=\"text-align: justify;\">Se\u00f1al\u00f3 que la efem\u00e9ride del D\u00eda Internacional de Jerusal\u00e9n tiene como objetivo recordarle al mundo los derechos robados al pueblo palestino y la necesidad de devolver la ciudad de Jerusal\u00e9n y sus santuarios a sus due\u00f1os leg\u00edtimos.<\/p>\n<p style=\"text-align: justify;\"><span style=\"color: #0000ff;\"><strong>ah\/rsh<\/strong><\/span><\/p>\n","protected":false},"excerpt":{"rendered":"<p>Teher\u00e1n, SANA El presidente iran\u00ed, Hassan Rouhani, reiter\u00f3 que el pueblo palestino ganar\u00e1 en su lucha y resistencia a los sionistas. &#8220;Ma\u00f1ana [\u00faltimo] viernes [de Ramad\u00e1n] es una expresi\u00f3n de solidaridad con el pueblo palestino, que durante setenta a\u00f1os ha sido expulsado de sus hogares debido a la indiferencia de la comunidad internacional, a pesar &hellip;<\/p>\n","protected":false},"author":30,"featured_media":178545,"comment_status":"closed","ping_status":"closed","sticky":false,"template":"","format":"standard","meta":{"footnotes":""},"categories":[597,456,7541],"tags":[19044],"class_list":["post-178534","post","type-post","status-publish","format-standard","has-post-thumbnail","","category-cinta-de-noticias","category-arabe-internacional-politica","category-ultimas-noticias","tag-rouhani-el-pueblo-palestino-ganara-la-lucha-contra-los-sionistas"],"_links":{"self":[{"href":"https:\/\/archive.sana.sy\/es\/index.php?rest_route=\/wp\/v2\/posts\/178534"}],"collection":[{"href":"https:\/\/archive.sana.sy\/es\/index.php?rest_route=\/wp\/v2\/posts"}],"about":[{"href":"https:\/\/archive.sana.sy\/es\/index.php?rest_route=\/wp\/v2\/types\/post"}],"author":[{"embeddable":true,"href":"https:\/\/archive.sana.sy\/es\/index.php?rest_route=\/wp\/v2\/users\/30"}],"replies":[{"embeddable":true,"href":"https:\/\/archive.sana.sy\/es\/index.php?rest_route=%2Fwp%2Fv2%2Fcomments&post=178534"}],"version-history":[{"count":0,"href":"https:\/\/archive.sana.sy\/es\/index.php?rest_route=\/wp\/v2\/posts\/178534\/revisions"}],"wp:featuredmedia":[{"embeddable":true,"href":"https:\/\/archive.sana.sy\/es\/index.php?rest_route=\/wp\/v2\/media\/178545"}],"wp:attachment":[{"href":"https:\/\/archive.sana.sy\/es\/index.php?rest_route=%2Fwp%2Fv2%2Fmedia&parent=178534"}],"wp:term":[{"taxonomy":"category","embeddable":true,"href":"https:\/\/archive.sana.sy\/es\/index.php?rest_route=%2Fwp%2Fv2%2Fcategories&post=178534"},{"taxonomy":"post_tag","embeddable":true,"href":"https:\/\/archive.sana.sy\/es\/index.php?rest_route=%2Fwp%2Fv2%2Ftags&post=178534"}],"curies":[{"name":"wp","href":"https:\/\/api.w.org\/{rel}","templated":true}]}}