{"id":178591,"date":"2021-05-07T16:49:09","date_gmt":"2021-05-07T13:49:09","guid":{"rendered":"http:\/\/107.6.182.27\/es\/?p=178591"},"modified":"2021-05-07T16:49:09","modified_gmt":"2021-05-07T13:49:09","slug":"siria-reconstruye-y-rehabilita-mas-escuelas-danadas-por-actos-terroristas-fotos","status":"publish","type":"post","link":"https:\/\/archive.sana.sy\/es\/?p=178591","title":{"rendered":"Siria reconstruye y rehabilita m\u00e1s escuelas da\u00f1adas por actos terroristas (+ fotos)"},"content":{"rendered":"<p><span style=\"color: #800000;\">Damasco, SANA<\/span><\/p>\n<p style=\"text-align: justify;\">Las autoridades de la Rep\u00fablica \u00c1rabe Siria siguen apostando a la rehabilitaci\u00f3n y mantenimiento de las escuelas da\u00f1adas por las acciones terroristas.<\/p>\n<p style=\"text-align: justify;\">Antes de la guerra terrorista, Siria ten\u00eda uno de los mejores \u00edndices de educaci\u00f3n en la regi\u00f3n. Las autoridades se esfuerzan para reincorporar al mayor n\u00famero posible de ni\u00f1os que el terrorismo les priv\u00f3 durante a\u00f1os de su derecho a la educaci\u00f3n.<\/p>\n<p>&nbsp;<\/p>\n<p><img loading=\"lazy\" decoding=\"async\" class=\"alignnone size-full wp-image-178593\" src=\"http:\/\/107.6.182.27\/es\/wp-content\/uploads\/2021\/05\/2-1.jpg\" alt=\"\" width=\"1026\" height=\"1280\" srcset=\"https:\/\/archive.sana.sy\/es\/wp-content\/uploads\/2021\/05\/2-1.jpg 1026w, https:\/\/archive.sana.sy\/es\/wp-content\/uploads\/2021\/05\/2-1-240x300.jpg 240w, https:\/\/archive.sana.sy\/es\/wp-content\/uploads\/2021\/05\/2-1-821x1024.jpg 821w, https:\/\/archive.sana.sy\/es\/wp-content\/uploads\/2021\/05\/2-1-120x150.jpg 120w, https:\/\/archive.sana.sy\/es\/wp-content\/uploads\/2021\/05\/2-1-768x958.jpg 768w\" sizes=\"(max-width: 1026px) 100vw, 1026px\" \/> <img loading=\"lazy\" decoding=\"async\" class=\"alignnone size-full wp-image-178594\" src=\"http:\/\/107.6.182.27\/es\/wp-content\/uploads\/2021\/05\/3-1.jpg\" alt=\"\" width=\"1026\" height=\"1280\" srcset=\"https:\/\/archive.sana.sy\/es\/wp-content\/uploads\/2021\/05\/3-1.jpg 1026w, https:\/\/archive.sana.sy\/es\/wp-content\/uploads\/2021\/05\/3-1-240x300.jpg 240w, https:\/\/archive.sana.sy\/es\/wp-content\/uploads\/2021\/05\/3-1-821x1024.jpg 821w, https:\/\/archive.sana.sy\/es\/wp-content\/uploads\/2021\/05\/3-1-120x150.jpg 120w, https:\/\/archive.sana.sy\/es\/wp-content\/uploads\/2021\/05\/3-1-768x958.jpg 768w\" sizes=\"(max-width: 1026px) 100vw, 1026px\" \/> <img loading=\"lazy\" decoding=\"async\" class=\"alignnone size-full wp-image-178595\" src=\"http:\/\/107.6.182.27\/es\/wp-content\/uploads\/2021\/05\/4-1.jpg\" alt=\"\" width=\"1026\" height=\"1280\" srcset=\"https:\/\/archive.sana.sy\/es\/wp-content\/uploads\/2021\/05\/4-1.jpg 1026w, https:\/\/archive.sana.sy\/es\/wp-content\/uploads\/2021\/05\/4-1-240x300.jpg 240w, https:\/\/archive.sana.sy\/es\/wp-content\/uploads\/2021\/05\/4-1-821x1024.jpg 821w, https:\/\/archive.sana.sy\/es\/wp-content\/uploads\/2021\/05\/4-1-120x150.jpg 120w, https:\/\/archive.sana.sy\/es\/wp-content\/uploads\/2021\/05\/4-1-768x958.jpg 768w\" sizes=\"(max-width: 1026px) 100vw, 1026px\" \/> <img loading=\"lazy\" decoding=\"async\" class=\"alignnone size-full wp-image-178596\" src=\"http:\/\/107.6.182.27\/es\/wp-content\/uploads\/2021\/05\/5-1.jpg\" alt=\"\" width=\"1026\" height=\"1280\" srcset=\"https:\/\/archive.sana.sy\/es\/wp-content\/uploads\/2021\/05\/5-1.jpg 1026w, https:\/\/archive.sana.sy\/es\/wp-content\/uploads\/2021\/05\/5-1-240x300.jpg 240w, https:\/\/archive.sana.sy\/es\/wp-content\/uploads\/2021\/05\/5-1-821x1024.jpg 821w, https:\/\/archive.sana.sy\/es\/wp-content\/uploads\/2021\/05\/5-1-120x150.jpg 120w, https:\/\/archive.sana.sy\/es\/wp-content\/uploads\/2021\/05\/5-1-768x958.jpg 768w\" sizes=\"(max-width: 1026px) 100vw, 1026px\" \/> <img loading=\"lazy\" decoding=\"async\" class=\"alignnone size-full wp-image-178597\" src=\"http:\/\/107.6.182.27\/es\/wp-content\/uploads\/2021\/05\/6-1.jpg\" alt=\"\" width=\"1026\" height=\"1280\" srcset=\"https:\/\/archive.sana.sy\/es\/wp-content\/uploads\/2021\/05\/6-1.jpg 1026w, https:\/\/archive.sana.sy\/es\/wp-content\/uploads\/2021\/05\/6-1-240x300.jpg 240w, https:\/\/archive.sana.sy\/es\/wp-content\/uploads\/2021\/05\/6-1-821x1024.jpg 821w, https:\/\/archive.sana.sy\/es\/wp-content\/uploads\/2021\/05\/6-1-120x150.jpg 120w, https:\/\/archive.sana.sy\/es\/wp-content\/uploads\/2021\/05\/6-1-768x958.jpg 768w\" sizes=\"(max-width: 1026px) 100vw, 1026px\" \/><\/p>\n<p><em>mm<\/em><\/p>\n<p>&nbsp;<\/p>\n<p>&nbsp;<\/p>\n","protected":false},"excerpt":{"rendered":"<p>Damasco, SANA Las autoridades de la Rep\u00fablica \u00c1rabe Siria siguen apostando a la rehabilitaci\u00f3n y mantenimiento de las escuelas da\u00f1adas por las acciones terroristas. Antes de la guerra terrorista, Siria ten\u00eda uno de los mejores \u00edndices de educaci\u00f3n en la regi\u00f3n. Las autoridades se esfuerzan para reincorporar al mayor n\u00famero posible de ni\u00f1os que el &hellip;<\/p>\n","protected":false},"author":36,"featured_media":178592,"comment_status":"closed","ping_status":"closed","sticky":false,"template":"","format":"standard","meta":{"footnotes":""},"categories":[597,625,623,571],"tags":[],"class_list":["post-178591","post","type-post","status-publish","format-standard","has-post-thumbnail","","category-cinta-de-noticias","category-fotos-fotos-sana","category-fotos-sana","category-siria-en-fotos"],"_links":{"self":[{"href":"https:\/\/archive.sana.sy\/es\/index.php?rest_route=\/wp\/v2\/posts\/178591"}],"collection":[{"href":"https:\/\/archive.sana.sy\/es\/index.php?rest_route=\/wp\/v2\/posts"}],"about":[{"href":"https:\/\/archive.sana.sy\/es\/index.php?rest_route=\/wp\/v2\/types\/post"}],"author":[{"embeddable":true,"href":"https:\/\/archive.sana.sy\/es\/index.php?rest_route=\/wp\/v2\/users\/36"}],"replies":[{"embeddable":true,"href":"https:\/\/archive.sana.sy\/es\/index.php?rest_route=%2Fwp%2Fv2%2Fcomments&post=178591"}],"version-history":[{"count":0,"href":"https:\/\/archive.sana.sy\/es\/index.php?rest_route=\/wp\/v2\/posts\/178591\/revisions"}],"wp:featuredmedia":[{"embeddable":true,"href":"https:\/\/archive.sana.sy\/es\/index.php?rest_route=\/wp\/v2\/media\/178592"}],"wp:attachment":[{"href":"https:\/\/archive.sana.sy\/es\/index.php?rest_route=%2Fwp%2Fv2%2Fmedia&parent=178591"}],"wp:term":[{"taxonomy":"category","embeddable":true,"href":"https:\/\/archive.sana.sy\/es\/index.php?rest_route=%2Fwp%2Fv2%2Fcategories&post=178591"},{"taxonomy":"post_tag","embeddable":true,"href":"https:\/\/archive.sana.sy\/es\/index.php?rest_route=%2Fwp%2Fv2%2Ftags&post=178591"}],"curies":[{"name":"wp","href":"https:\/\/api.w.org\/{rel}","templated":true}]}}