{"id":178604,"date":"2021-05-07T18:05:45","date_gmt":"2021-05-07T15:05:45","guid":{"rendered":"http:\/\/107.6.182.27\/es\/?p=178604"},"modified":"2023-01-12T14:41:26","modified_gmt":"2023-01-12T12:41:26","slug":"onu-medidas-israelies-el-barrio-palestino-de-sheikh-jarrah-pueden-constituir-un-crimen-de-guerra","status":"publish","type":"post","link":"https:\/\/archive.sana.sy\/es\/?p=178604","title":{"rendered":"ONU: medidas israel\u00edes en el barrio palestino de Sheikh Jarrah pueden constituir un crimen de guerra"},"content":{"rendered":"<p><span style=\"color: #800000;\">Ginebra, SANA<\/span><\/p>\n<p style=\"text-align: justify;\">La Alta Comisi\u00f3n de Derechos Humanos conden\u00f3 las medidas israel\u00edes y los ataques de los colonos contra familias palestinas en el barrio de Sheikh Jarrah, en Jerusal\u00e9n oriental, y se\u00f1al\u00f3 que ello &#8220;puede constituir un crimen de guerra&#8221;, inform\u00f3 la agencia AFP.<\/p>\n<p style=\"text-align: justify;\">El portavoz de la Comisi\u00f3n, Robert Colville, dijo: &#8220;Los desalojos contravienen las leyes internacionales que afirman que Jerusal\u00e9n Este es parte de los territorios palestinos ocupados\u201d.<\/p>\n<p style=\"text-align: justify;\">Colville se\u00f1al\u00f3 que &#8220;revisando las escenas inquietantes en Sheikh Jarrah durante los \u00faltimos d\u00edas, nos gustar\u00eda enfatizar que Jerusal\u00e9n Este todav\u00eda es parte de los territorios palestinos ocupados y est\u00e1 sujeta al derecho internacional humanitario&#8221;.<\/p>\n<p style=\"text-align: justify;\">Tambi\u00e9n se\u00f1al\u00f3: &#8220;La potencia ocupante debe respetar la propiedad privada en las tierras ocupadas y no puede confiscarla o imponer sus propias leyes para expulsar a los palestinos de sus hogares&#8221;.<\/p>\n<p style=\"text-align: justify;\">\u201cLa Ley de Asuntos Administrativos se aplica de manera discriminatoria para facilitar la transferencia de &#8220;Israel&#8221; a sus residentes a la Jerusal\u00e9n Oriental ocupada, y esto est\u00e1 prohibido por el derecho internacional humanitario y constituye una violaci\u00f3n del Cuarto Convenio de Ginebra y puede constituir cr\u00edmenes de guerra&#8221;, agreg\u00f3.<\/p>\n<p>&nbsp;<\/p>\n<p>mm<\/p>\n","protected":false},"excerpt":{"rendered":"<p>Ginebra, SANA La Alta Comisi\u00f3n de Derechos Humanos conden\u00f3 las medidas israel\u00edes y los ataques de los colonos contra familias palestinas en el barrio de Sheikh Jarrah, en Jerusal\u00e9n oriental, y se\u00f1al\u00f3 que ello &#8220;puede constituir un crimen de guerra&#8221;, inform\u00f3 la agencia AFP. El portavoz de la Comisi\u00f3n, Robert Colville, dijo: &#8220;Los desalojos contravienen &hellip;<\/p>\n","protected":false},"author":36,"featured_media":178605,"comment_status":"closed","ping_status":"closed","sticky":false,"template":"","format":"standard","meta":{"footnotes":""},"categories":[597,456,457],"tags":[],"class_list":["post-178604","post","type-post","status-publish","format-standard","has-post-thumbnail","","category-cinta-de-noticias","category-arabe-internacional-politica","category-noticias-arabe-internacional-politica"],"_links":{"self":[{"href":"https:\/\/archive.sana.sy\/es\/index.php?rest_route=\/wp\/v2\/posts\/178604"}],"collection":[{"href":"https:\/\/archive.sana.sy\/es\/index.php?rest_route=\/wp\/v2\/posts"}],"about":[{"href":"https:\/\/archive.sana.sy\/es\/index.php?rest_route=\/wp\/v2\/types\/post"}],"author":[{"embeddable":true,"href":"https:\/\/archive.sana.sy\/es\/index.php?rest_route=\/wp\/v2\/users\/36"}],"replies":[{"embeddable":true,"href":"https:\/\/archive.sana.sy\/es\/index.php?rest_route=%2Fwp%2Fv2%2Fcomments&post=178604"}],"version-history":[{"count":0,"href":"https:\/\/archive.sana.sy\/es\/index.php?rest_route=\/wp\/v2\/posts\/178604\/revisions"}],"wp:featuredmedia":[{"embeddable":true,"href":"https:\/\/archive.sana.sy\/es\/index.php?rest_route=\/wp\/v2\/media\/178605"}],"wp:attachment":[{"href":"https:\/\/archive.sana.sy\/es\/index.php?rest_route=%2Fwp%2Fv2%2Fmedia&parent=178604"}],"wp:term":[{"taxonomy":"category","embeddable":true,"href":"https:\/\/archive.sana.sy\/es\/index.php?rest_route=%2Fwp%2Fv2%2Fcategories&post=178604"},{"taxonomy":"post_tag","embeddable":true,"href":"https:\/\/archive.sana.sy\/es\/index.php?rest_route=%2Fwp%2Fv2%2Ftags&post=178604"}],"curies":[{"name":"wp","href":"https:\/\/api.w.org\/{rel}","templated":true}]}}