{"id":178627,"date":"2021-05-07T18:00:17","date_gmt":"2021-05-07T15:00:17","guid":{"rendered":"http:\/\/107.6.182.27\/es\/?p=178627"},"modified":"2023-01-12T14:41:26","modified_gmt":"2023-01-12T12:41:26","slug":"palestinos-heridos-por-asalto-de-fuerzas-de-ocupacion-a-la-mezquita-al-aqsa","status":"publish","type":"post","link":"https:\/\/archive.sana.sy\/es\/?p=178627","title":{"rendered":"Palestinos heridos por asalto de fuerzas de ocupaci\u00f3n a la mezquita Al-Aqsa"},"content":{"rendered":"<p><span style=\"color: #800000;\">Jerusal\u00e9n ocupada, SANA<\/span><\/p>\n<p style=\"text-align: justify;\">Las fuerzas de ocupaci\u00f3n israel\u00edes asaltaron las explanadas de la mezquita Al-Aqsa en la ocupada ciudad de Jerusal\u00e9n y dispararon bombas de gas lacrim\u00f3geno contra los fieles.<\/p>\n<p style=\"text-align: justify;\">La agencia palestina de noticias Wafa inform\u00f3 que las fuerzas de ocupaci\u00f3n irrumpieron la Mezquita desde la puerta Al-Magharbeh despu\u00e9s del final de la oraci\u00f3n del Magreb y dispararon para obligar los fieles a abandonar la mezquita, lo que caus\u00f3 lesiones a varios de ellos mientras otros fueron arrestados.<\/p>\n<p style=\"text-align: justify;\">Adem\u00e1s, los colonos israel\u00edes, bajo protecci\u00f3n de las fuerzas de ocupaci\u00f3n, irrumpieron en una reuni\u00f3n palestina en el barrio de Sheikh Jarrah en Jerusal\u00e9n ocupada y agredieron a decenas de palestinos durante su participaci\u00f3n en una protesta contra la pol\u00edtica de asentamientos.<\/p>\n<p><span style=\"color: #0000ff;\">fm\/rr<\/span><\/p>\n<div id='gallery-1' class='gallery galleryid-178627 gallery-columns-1 gallery-size-full'><figure class='gallery-item'>\n\t\t\t<div class='gallery-icon landscape'>\n\t\t\t\t<a href='https:\/\/archive.sana.sy\/es\/wp-content\/uploads\/2021\/05\/020-1-300x206-1.jpg'><img loading=\"lazy\" decoding=\"async\" width=\"300\" height=\"206\" src=\"https:\/\/archive.sana.sy\/es\/wp-content\/uploads\/2021\/05\/020-1-300x206-1.jpg\" class=\"attachment-full size-full\" alt=\"\" srcset=\"https:\/\/archive.sana.sy\/es\/wp-content\/uploads\/2021\/05\/020-1-300x206-1.jpg 300w, https:\/\/archive.sana.sy\/es\/wp-content\/uploads\/2021\/05\/020-1-300x206-1-150x103.jpg 150w, https:\/\/archive.sana.sy\/es\/wp-content\/uploads\/2021\/05\/020-1-300x206-1-110x75.jpg 110w\" sizes=\"(max-width: 300px) 100vw, 300px\" \/><\/a>\n\t\t\t<\/div><\/figure><figure class='gallery-item'>\n\t\t\t<div class='gallery-icon landscape'>\n\t\t\t\t<a href='https:\/\/archive.sana.sy\/es\/wp-content\/uploads\/2021\/05\/030-768x526-1.jpg'><img loading=\"lazy\" decoding=\"async\" width=\"768\" height=\"526\" src=\"https:\/\/archive.sana.sy\/es\/wp-content\/uploads\/2021\/05\/030-768x526-1.jpg\" class=\"attachment-full size-full\" alt=\"\" srcset=\"https:\/\/archive.sana.sy\/es\/wp-content\/uploads\/2021\/05\/030-768x526-1.jpg 768w, https:\/\/archive.sana.sy\/es\/wp-content\/uploads\/2021\/05\/030-768x526-1-300x205.jpg 300w, https:\/\/archive.sana.sy\/es\/wp-content\/uploads\/2021\/05\/030-768x526-1-150x103.jpg 150w, https:\/\/archive.sana.sy\/es\/wp-content\/uploads\/2021\/05\/030-768x526-1-110x75.jpg 110w\" sizes=\"(max-width: 768px) 100vw, 768px\" \/><\/a>\n\t\t\t<\/div><\/figure>\n\t\t<\/div>\n\n<p>&nbsp;<\/p>\n","protected":false},"excerpt":{"rendered":"<p>Jerusal\u00e9n ocupada, SANA Las fuerzas de ocupaci\u00f3n israel\u00edes asaltaron las explanadas de la mezquita Al-Aqsa en la ocupada ciudad de Jerusal\u00e9n y dispararon bombas de gas lacrim\u00f3geno contra los fieles. La agencia palestina de noticias Wafa inform\u00f3 que las fuerzas de ocupaci\u00f3n irrumpieron la Mezquita desde la puerta Al-Magharbeh despu\u00e9s del final de la oraci\u00f3n &hellip;<\/p>\n","protected":false},"author":31,"featured_media":178628,"comment_status":"closed","ping_status":"closed","sticky":false,"template":"","format":"standard","meta":{"footnotes":""},"categories":[597,456],"tags":[],"class_list":["post-178627","post","type-post","status-publish","format-standard","has-post-thumbnail","","category-cinta-de-noticias","category-arabe-internacional-politica"],"_links":{"self":[{"href":"https:\/\/archive.sana.sy\/es\/index.php?rest_route=\/wp\/v2\/posts\/178627"}],"collection":[{"href":"https:\/\/archive.sana.sy\/es\/index.php?rest_route=\/wp\/v2\/posts"}],"about":[{"href":"https:\/\/archive.sana.sy\/es\/index.php?rest_route=\/wp\/v2\/types\/post"}],"author":[{"embeddable":true,"href":"https:\/\/archive.sana.sy\/es\/index.php?rest_route=\/wp\/v2\/users\/31"}],"replies":[{"embeddable":true,"href":"https:\/\/archive.sana.sy\/es\/index.php?rest_route=%2Fwp%2Fv2%2Fcomments&post=178627"}],"version-history":[{"count":0,"href":"https:\/\/archive.sana.sy\/es\/index.php?rest_route=\/wp\/v2\/posts\/178627\/revisions"}],"wp:featuredmedia":[{"embeddable":true,"href":"https:\/\/archive.sana.sy\/es\/index.php?rest_route=\/wp\/v2\/media\/178628"}],"wp:attachment":[{"href":"https:\/\/archive.sana.sy\/es\/index.php?rest_route=%2Fwp%2Fv2%2Fmedia&parent=178627"}],"wp:term":[{"taxonomy":"category","embeddable":true,"href":"https:\/\/archive.sana.sy\/es\/index.php?rest_route=%2Fwp%2Fv2%2Fcategories&post=178627"},{"taxonomy":"post_tag","embeddable":true,"href":"https:\/\/archive.sana.sy\/es\/index.php?rest_route=%2Fwp%2Fv2%2Ftags&post=178627"}],"curies":[{"name":"wp","href":"https:\/\/api.w.org\/{rel}","templated":true}]}}