{"id":178712,"date":"2021-05-09T06:49:41","date_gmt":"2021-05-09T03:49:41","guid":{"rendered":"http:\/\/107.6.182.27\/es\/?p=178712"},"modified":"2023-01-12T14:41:25","modified_gmt":"2023-01-12T12:41:25","slug":"nueva-jornada-de-genocidio-israeli-deja-53-palestinos-heridos-en-jerusalen-ocupada","status":"publish","type":"post","link":"https:\/\/archive.sana.sy\/es\/?p=178712","title":{"rendered":"Nueva jornada de genocidio israel\u00ed deja 53 palestinos heridos en Jerusal\u00e9n ocupada"},"content":{"rendered":"<p style=\"text-align: justify;\"><span style=\"color: #800000;\"><strong>Jerusal\u00e9n ocupada, SANA<\/strong><\/span><\/p>\n<p style=\"text-align: justify;\">Al menos 53 palestinos resultaron heridos la noche del s\u00e1bado, en un asalto de las fuerzas de ocupaci\u00f3n israel\u00edes en Jerusal\u00e9n ocupada.<\/p>\n<p style=\"text-align: justify;\">Medios palestinos difundieron que los militares sionistas atacaron con balas y bombas de gas lacrim\u00f3geno a los palestinos concentrados cerca de las puertas Al-Amoud, Al-Saherah, Al-Asbat y Hatta que conducen a la Mezquita Al-Aqsa para denunciar sus violaciones en la Santo Ciudad y el barrio de Sheikh Jarrah.<\/p>\n<p style=\"text-align: justify;\">Asimismo, varios palestinos sufrieron asfixia como resultado del asalto de las fuerzas de ocupaci\u00f3n israel\u00edes a una manifestaci\u00f3n cerca del puesto de control de Hawara, al sur de Naplusa, para condenar sus continuos cr\u00edmenes en la Jerusal\u00e9n ocupada.<\/p>\n<p style=\"text-align: justify;\"><span style=\"color: #0000ff;\"><strong>fm<\/strong><\/span><\/p>\n","protected":false},"excerpt":{"rendered":"<p>Jerusal\u00e9n ocupada, SANA Al menos 53 palestinos resultaron heridos la noche del s\u00e1bado, en un asalto de las fuerzas de ocupaci\u00f3n israel\u00edes en Jerusal\u00e9n ocupada. Medios palestinos difundieron que los militares sionistas atacaron con balas y bombas de gas lacrim\u00f3geno a los palestinos concentrados cerca de las puertas Al-Amoud, Al-Saherah, Al-Asbat y Hatta que conducen &hellip;<\/p>\n","protected":false},"author":34,"featured_media":178713,"comment_status":"closed","ping_status":"closed","sticky":false,"template":"","format":"standard","meta":{"footnotes":""},"categories":[597,456,7541],"tags":[],"class_list":["post-178712","post","type-post","status-publish","format-standard","has-post-thumbnail","","category-cinta-de-noticias","category-arabe-internacional-politica","category-ultimas-noticias"],"_links":{"self":[{"href":"https:\/\/archive.sana.sy\/es\/index.php?rest_route=\/wp\/v2\/posts\/178712"}],"collection":[{"href":"https:\/\/archive.sana.sy\/es\/index.php?rest_route=\/wp\/v2\/posts"}],"about":[{"href":"https:\/\/archive.sana.sy\/es\/index.php?rest_route=\/wp\/v2\/types\/post"}],"author":[{"embeddable":true,"href":"https:\/\/archive.sana.sy\/es\/index.php?rest_route=\/wp\/v2\/users\/34"}],"replies":[{"embeddable":true,"href":"https:\/\/archive.sana.sy\/es\/index.php?rest_route=%2Fwp%2Fv2%2Fcomments&post=178712"}],"version-history":[{"count":0,"href":"https:\/\/archive.sana.sy\/es\/index.php?rest_route=\/wp\/v2\/posts\/178712\/revisions"}],"wp:featuredmedia":[{"embeddable":true,"href":"https:\/\/archive.sana.sy\/es\/index.php?rest_route=\/wp\/v2\/media\/178713"}],"wp:attachment":[{"href":"https:\/\/archive.sana.sy\/es\/index.php?rest_route=%2Fwp%2Fv2%2Fmedia&parent=178712"}],"wp:term":[{"taxonomy":"category","embeddable":true,"href":"https:\/\/archive.sana.sy\/es\/index.php?rest_route=%2Fwp%2Fv2%2Fcategories&post=178712"},{"taxonomy":"post_tag","embeddable":true,"href":"https:\/\/archive.sana.sy\/es\/index.php?rest_route=%2Fwp%2Fv2%2Ftags&post=178712"}],"curies":[{"name":"wp","href":"https:\/\/api.w.org\/{rel}","templated":true}]}}