{"id":178849,"date":"2021-05-09T18:48:01","date_gmt":"2021-05-09T15:48:01","guid":{"rendered":"http:\/\/107.6.182.27\/es\/?p=178849"},"modified":"2021-05-09T18:48:01","modified_gmt":"2021-05-09T15:48:01","slug":"ministerio-de-exteriores-y-expatriados-siria-condena-en-los-terminos-mas-fuertes-el-comportamiento-barbarico-e-inhumano-de-las-autoridades-de-ocupacion-israelies-y-de-las-hordas-de-colonos-contra-el","status":"publish","type":"post","link":"https:\/\/archive.sana.sy\/es\/?p=178849","title":{"rendered":"Ministerio de Exteriores y Expatriados: Siria condena en los t\u00e9rminos m\u00e1s fuertes el comportamiento barb\u00e1rico e inhumano de las autoridades de ocupaci\u00f3n israel\u00edes y de las hordas de colonos contra el pueblo palestino."},"content":{"rendered":"","protected":false},"excerpt":{"rendered":"","protected":false},"author":39,"featured_media":0,"comment_status":"closed","ping_status":"closed","sticky":false,"template":"","format":"standard","meta":{"footnotes":""},"categories":[596],"tags":[],"class_list":["post-178849","post","type-post","status-publish","format-standard","","category-urgente"],"_links":{"self":[{"href":"https:\/\/archive.sana.sy\/es\/index.php?rest_route=\/wp\/v2\/posts\/178849"}],"collection":[{"href":"https:\/\/archive.sana.sy\/es\/index.php?rest_route=\/wp\/v2\/posts"}],"about":[{"href":"https:\/\/archive.sana.sy\/es\/index.php?rest_route=\/wp\/v2\/types\/post"}],"author":[{"embeddable":true,"href":"https:\/\/archive.sana.sy\/es\/index.php?rest_route=\/wp\/v2\/users\/39"}],"replies":[{"embeddable":true,"href":"https:\/\/archive.sana.sy\/es\/index.php?rest_route=%2Fwp%2Fv2%2Fcomments&post=178849"}],"version-history":[{"count":0,"href":"https:\/\/archive.sana.sy\/es\/index.php?rest_route=\/wp\/v2\/posts\/178849\/revisions"}],"wp:attachment":[{"href":"https:\/\/archive.sana.sy\/es\/index.php?rest_route=%2Fwp%2Fv2%2Fmedia&parent=178849"}],"wp:term":[{"taxonomy":"category","embeddable":true,"href":"https:\/\/archive.sana.sy\/es\/index.php?rest_route=%2Fwp%2Fv2%2Fcategories&post=178849"},{"taxonomy":"post_tag","embeddable":true,"href":"https:\/\/archive.sana.sy\/es\/index.php?rest_route=%2Fwp%2Fv2%2Ftags&post=178849"}],"curies":[{"name":"wp","href":"https:\/\/api.w.org\/{rel}","templated":true}]}}