{"id":178874,"date":"2021-05-09T19:47:46","date_gmt":"2021-05-09T16:47:46","guid":{"rendered":"http:\/\/107.6.182.27\/es\/?p=178874"},"modified":"2021-05-09T19:47:46","modified_gmt":"2021-05-09T16:47:46","slug":"mas-de-300-palestinos-heridos-por-agresiones-israelies-en-jerusalen-ocupada","status":"publish","type":"post","link":"https:\/\/archive.sana.sy\/es\/?p=178874","title":{"rendered":"M\u00e1s de 300 palestinos heridos por agresiones israel\u00edes en Jerusal\u00e9n Ocupada"},"content":{"rendered":"<p style=\"text-align: justify;\"><span style=\"color: #800000;\"><strong>Jerusal\u00e9n Ocupada, SANA<\/strong><\/span><\/p>\n<p style=\"text-align: justify;\">M\u00e1s de 300 palestinos resultaron heridos durante los \u00faltimos dos d\u00edas por los asaltos de las fuerzas de ocupaci\u00f3n israel\u00edes en Jerusal\u00e9n Ocupada.<\/p>\n<p style=\"text-align: justify;\">La agencia palestina de noticias Wafa inform\u00f3 que la Media Luna Roja Palestina confirm\u00f3 que la mayor\u00eda de las lesiones se concentraron en la parte superior de los cuerpos, cabeza y ojos, con el objetivo de crear un estado de terror entre los palestinos.<\/p>\n<p style=\"text-align: justify;\">El Alcalde de Jerusal\u00e9n, Adnan Ghaith, inform\u00f3 que las tropas del ocupante sionista utilizan todos los m\u00e9todos de asesinato, opresi\u00f3n y abuso contra los palestinos en Jerusal\u00e9n ocupada para desplazarlos y judaizarla zona.<\/p>\n<p style=\"text-align: justify;\"><span style=\"color: #0000ff;\"><strong>sm\/fm<\/strong><\/span><\/p>\n","protected":false},"excerpt":{"rendered":"<p>Jerusal\u00e9n Ocupada, SANA M\u00e1s de 300 palestinos resultaron heridos durante los \u00faltimos dos d\u00edas por los asaltos de las fuerzas de ocupaci\u00f3n israel\u00edes en Jerusal\u00e9n Ocupada. La agencia palestina de noticias Wafa inform\u00f3 que la Media Luna Roja Palestina confirm\u00f3 que la mayor\u00eda de las lesiones se concentraron en la parte superior de los cuerpos, &hellip;<\/p>\n","protected":false},"author":39,"featured_media":178875,"comment_status":"closed","ping_status":"closed","sticky":false,"template":"","format":"standard","meta":{"footnotes":""},"categories":[597,456,7541],"tags":[],"class_list":["post-178874","post","type-post","status-publish","format-standard","has-post-thumbnail","","category-cinta-de-noticias","category-arabe-internacional-politica","category-ultimas-noticias"],"_links":{"self":[{"href":"https:\/\/archive.sana.sy\/es\/index.php?rest_route=\/wp\/v2\/posts\/178874"}],"collection":[{"href":"https:\/\/archive.sana.sy\/es\/index.php?rest_route=\/wp\/v2\/posts"}],"about":[{"href":"https:\/\/archive.sana.sy\/es\/index.php?rest_route=\/wp\/v2\/types\/post"}],"author":[{"embeddable":true,"href":"https:\/\/archive.sana.sy\/es\/index.php?rest_route=\/wp\/v2\/users\/39"}],"replies":[{"embeddable":true,"href":"https:\/\/archive.sana.sy\/es\/index.php?rest_route=%2Fwp%2Fv2%2Fcomments&post=178874"}],"version-history":[{"count":0,"href":"https:\/\/archive.sana.sy\/es\/index.php?rest_route=\/wp\/v2\/posts\/178874\/revisions"}],"wp:featuredmedia":[{"embeddable":true,"href":"https:\/\/archive.sana.sy\/es\/index.php?rest_route=\/wp\/v2\/media\/178875"}],"wp:attachment":[{"href":"https:\/\/archive.sana.sy\/es\/index.php?rest_route=%2Fwp%2Fv2%2Fmedia&parent=178874"}],"wp:term":[{"taxonomy":"category","embeddable":true,"href":"https:\/\/archive.sana.sy\/es\/index.php?rest_route=%2Fwp%2Fv2%2Fcategories&post=178874"},{"taxonomy":"post_tag","embeddable":true,"href":"https:\/\/archive.sana.sy\/es\/index.php?rest_route=%2Fwp%2Fv2%2Ftags&post=178874"}],"curies":[{"name":"wp","href":"https:\/\/api.w.org\/{rel}","templated":true}]}}