{"id":178877,"date":"2021-05-09T20:46:49","date_gmt":"2021-05-09T17:46:49","guid":{"rendered":"http:\/\/107.6.182.27\/es\/?p=178877"},"modified":"2021-05-10T06:16:37","modified_gmt":"2021-05-10T03:16:37","slug":"siria-condena-el-comportamiento-salvaje-de-la-ocupacion-israeli-hacia-los-palestinos","status":"publish","type":"post","link":"https:\/\/archive.sana.sy\/es\/?p=178877","title":{"rendered":"Siria condena comportamiento salvaje de la ocupaci\u00f3n israel\u00ed hacia los palestinos"},"content":{"rendered":"<p style=\"text-align: justify;\"><span style=\"color: #800000;\"><strong>Damasco, SANA<\/strong><\/span><\/p>\n<p style=\"text-align: justify;\">Siria conden\u00f3 en los t\u00e9rminos m\u00e1s en\u00e9rgicos el comportamiento b\u00e1rbaro e inhumano de las autoridades de ocupaci\u00f3n israel\u00edes y las bandas de colonos hacia el pueblo palestino en el territorio ocupado.<\/p>\n<p style=\"text-align: justify;\">En un comunicado, el Ministerio de Exteriores y Expatriados afirm\u00f3 el derecho inalienable de este pueblo a su plena libertad, y a poner fin a la ocupaci\u00f3n israel\u00ed y establecer su estado independiente con Al-Quds como capital.<\/p>\n<p style=\"text-align: justify;\">&#8220;Las autoridades de ocupaci\u00f3n israel\u00edes y las hordas de colonos contin\u00faan su agresi\u00f3n conjunta contra el pueblo palestino que est\u00e1 bajo una ocupaci\u00f3n usurpadora que desprecia el derecho internacional y las convenciones de Ginebra de 1949 y no respeta la santidad de la mezquita de Al-Aqsa y la peculiaridad de los rituales musulmanes durante el mes de Ramad\u00e1n&#8221;, remarc\u00f3 la nota.<\/p>\n<p style=\"text-align: justify;\">La Canciller\u00eda agreg\u00f3 que los colonos y las autoridades de ocupaci\u00f3n israel\u00edes asaltaron varias localidades palestinas e impidieron que los fieles realizaran su deber religioso durante el bendito mes de Ramad\u00e1n, y les despoj\u00f3 sus casas con decisiones arbitrarias violando los derechos humanos m\u00e1s b\u00e1sicos con el objetivo de consumar una limpieza \u00e9tnica en el barrio Sheikh Jarrah.<\/p>\n<p style=\"text-align: justify;\">El Ministerio continu\u00f3 su nota: La Rep\u00fablica \u00c1rabe Siria destaca la importancia de preservar los derechos inalienables del pueblo palestino de conformidad con los principios del derecho internacional y las resoluciones de la Organizaci\u00f3n de las Naciones Unidas relacionadas con la cuesti\u00f3n palestina, condena en los t\u00e9rminos m\u00e1s en\u00e9rgicos el comportamiento barb\u00e1rico e inhumano de las autoridades de ocupaci\u00f3n israel\u00edes.<\/p>\n<p style=\"text-align: justify;\">Agreg\u00f3 que el gobierno israel\u00ed y sus colonos ilegales, no habr\u00edan despreciado el derecho internacional de forma tan agresiva si no fuera por el apoyo ilimitado de Estados Unidos, que a su vez reconoci\u00f3 vergonzosamente la soberan\u00eda israel\u00ed sobre la Jerusal\u00e9n ocupada y traslad\u00f3 all\u00ed a su embajada, en un paso unilateral que fue condenado por el mundo entero.<\/p>\n<p style=\"text-align: justify;\">Concluy\u00f3 que Siria destaca el derecho inalienable del pueblo palestino a su completa libertad y a poner fin a la ocupaci\u00f3n israel\u00ed de los territorios palestinos y a establecer su estado independiente con Al-Quds como capital.<\/p>\n<p style=\"text-align: justify;\"><strong><span style=\"color: #0000ff;\">sm\/rsh\/fm<\/span><\/strong><\/p>\n","protected":false},"excerpt":{"rendered":"<p>Damasco, SANA Siria conden\u00f3 en los t\u00e9rminos m\u00e1s en\u00e9rgicos el comportamiento b\u00e1rbaro e inhumano de las autoridades de ocupaci\u00f3n israel\u00edes y las bandas de colonos hacia el pueblo palestino en el territorio ocupado. En un comunicado, el Ministerio de Exteriores y Expatriados afirm\u00f3 el derecho inalienable de este pueblo a su plena libertad, y a &hellip;<\/p>\n","protected":false},"author":39,"featured_media":178878,"comment_status":"closed","ping_status":"closed","sticky":false,"template":"","format":"standard","meta":{"footnotes":""},"categories":[597,457,467,7541],"tags":[],"class_list":["post-178877","post","type-post","status-publish","format-standard","has-post-thumbnail","","category-cinta-de-noticias","category-noticias-arabe-internacional-politica","category-siria-y-el-mundo","category-ultimas-noticias"],"_links":{"self":[{"href":"https:\/\/archive.sana.sy\/es\/index.php?rest_route=\/wp\/v2\/posts\/178877"}],"collection":[{"href":"https:\/\/archive.sana.sy\/es\/index.php?rest_route=\/wp\/v2\/posts"}],"about":[{"href":"https:\/\/archive.sana.sy\/es\/index.php?rest_route=\/wp\/v2\/types\/post"}],"author":[{"embeddable":true,"href":"https:\/\/archive.sana.sy\/es\/index.php?rest_route=\/wp\/v2\/users\/39"}],"replies":[{"embeddable":true,"href":"https:\/\/archive.sana.sy\/es\/index.php?rest_route=%2Fwp%2Fv2%2Fcomments&post=178877"}],"version-history":[{"count":0,"href":"https:\/\/archive.sana.sy\/es\/index.php?rest_route=\/wp\/v2\/posts\/178877\/revisions"}],"wp:featuredmedia":[{"embeddable":true,"href":"https:\/\/archive.sana.sy\/es\/index.php?rest_route=\/wp\/v2\/media\/178878"}],"wp:attachment":[{"href":"https:\/\/archive.sana.sy\/es\/index.php?rest_route=%2Fwp%2Fv2%2Fmedia&parent=178877"}],"wp:term":[{"taxonomy":"category","embeddable":true,"href":"https:\/\/archive.sana.sy\/es\/index.php?rest_route=%2Fwp%2Fv2%2Fcategories&post=178877"},{"taxonomy":"post_tag","embeddable":true,"href":"https:\/\/archive.sana.sy\/es\/index.php?rest_route=%2Fwp%2Fv2%2Ftags&post=178877"}],"curies":[{"name":"wp","href":"https:\/\/api.w.org\/{rel}","templated":true}]}}