{"id":178882,"date":"2021-05-09T21:37:54","date_gmt":"2021-05-09T18:37:54","guid":{"rendered":"http:\/\/107.6.182.27\/es\/?p=178882"},"modified":"2021-05-09T21:37:54","modified_gmt":"2021-05-09T18:37:54","slug":"sirios-expatriados-exigen-levantar-las-medidas-coercitivas-impuestas-al-pais","status":"publish","type":"post","link":"https:\/\/archive.sana.sy\/es\/?p=178882","title":{"rendered":"Sirios expatriados exigen levantar las medidas coercitivas impuestas al pa\u00eds"},"content":{"rendered":"<p style=\"text-align: justify;\"><span style=\"color: #800000;\"><strong>Capitales, SANA<\/strong><\/span><\/p>\n<p style=\"text-align: justify;\">El jefe del Sindicato de M\u00e9dicos de Chipre, Petros Aganthilo, pidi\u00f3 a la Uni\u00f3n Europea que levante las medidas coercitivas unilaterales impuestas al pueblo sirio por porte de la UE y EE.UU.<\/p>\n<p style=\"text-align: justify;\">En una carta dirigida a la Comisi\u00f3n Europea en Nicosia titulada &#8220;Apoyo a la comunidad m\u00e9dica siria&#8221;, Aganthilo inform\u00f3 que el Sindicato de M\u00e9dicos de Chipre apoya los esfuerzos de la comunidad m\u00e9dica en Siria, y se\u00f1al\u00f3 que estas sanciones tienen un impacto negativo en el campo de la salud y causan m\u00e1s sufrimiento, especialmente a la sombra de esta epidemia.<\/p>\n<p style=\"text-align: justify;\">Por su parte, los miembros de la comunidad siria en Kuwait pidieron a la Uni\u00f3n Europea que \u201ctome medidas urgentes para poner fin al bloqueo econ\u00f3mico impuestos al pueblo sirio.<\/p>\n<p style=\"text-align: justify;\">Enfatizaron la necesidad de respetar las decisiones del pueblo sirio para definir su futuro y elegir su liderazgo sin dictados, y pidieron trabajar por restablecer las relaciones diplom\u00e1ticas con Siria.<\/p>\n<p style=\"text-align: justify;\">En un mensaje similar, los miembros de la comunidad llamaron al Papa Francisco, Papa del Vaticano, a actuar con urgencia para poner fin al sufrimiento del pueblo sirio como resultado de la guerra terrorista apoyada por Occidente y el bloqueo econ\u00f3mico.<\/p>\n<p style=\"text-align: justify;\">A su vez, la Asociaci\u00f3n de Sirios en Sud\u00e1frica envi\u00f3 una carta a la Comisi\u00f3n de la Uni\u00f3n Europea en Johannesburgo pidiendo el levantamiento inmediato de las medidas occidentales impuestas al pueblo sirio.<\/p>\n<p style=\"text-align: justify;\"><span style=\"color: #0000ff;\"><strong>sm\/rsh<\/strong><\/span><\/p>\n","protected":false},"excerpt":{"rendered":"<p>Capitales, SANA El jefe del Sindicato de M\u00e9dicos de Chipre, Petros Aganthilo, pidi\u00f3 a la Uni\u00f3n Europea que levante las medidas coercitivas unilaterales impuestas al pueblo sirio por porte de la UE y EE.UU. En una carta dirigida a la Comisi\u00f3n Europea en Nicosia titulada &#8220;Apoyo a la comunidad m\u00e9dica siria&#8221;, Aganthilo inform\u00f3 que el &hellip;<\/p>\n","protected":false},"author":39,"featured_media":178883,"comment_status":"closed","ping_status":"closed","sticky":false,"template":"","format":"standard","meta":{"footnotes":""},"categories":[597,457,467,7541],"tags":[],"class_list":["post-178882","post","type-post","status-publish","format-standard","has-post-thumbnail","","category-cinta-de-noticias","category-noticias-arabe-internacional-politica","category-siria-y-el-mundo","category-ultimas-noticias"],"_links":{"self":[{"href":"https:\/\/archive.sana.sy\/es\/index.php?rest_route=\/wp\/v2\/posts\/178882"}],"collection":[{"href":"https:\/\/archive.sana.sy\/es\/index.php?rest_route=\/wp\/v2\/posts"}],"about":[{"href":"https:\/\/archive.sana.sy\/es\/index.php?rest_route=\/wp\/v2\/types\/post"}],"author":[{"embeddable":true,"href":"https:\/\/archive.sana.sy\/es\/index.php?rest_route=\/wp\/v2\/users\/39"}],"replies":[{"embeddable":true,"href":"https:\/\/archive.sana.sy\/es\/index.php?rest_route=%2Fwp%2Fv2%2Fcomments&post=178882"}],"version-history":[{"count":0,"href":"https:\/\/archive.sana.sy\/es\/index.php?rest_route=\/wp\/v2\/posts\/178882\/revisions"}],"wp:featuredmedia":[{"embeddable":true,"href":"https:\/\/archive.sana.sy\/es\/index.php?rest_route=\/wp\/v2\/media\/178883"}],"wp:attachment":[{"href":"https:\/\/archive.sana.sy\/es\/index.php?rest_route=%2Fwp%2Fv2%2Fmedia&parent=178882"}],"wp:term":[{"taxonomy":"category","embeddable":true,"href":"https:\/\/archive.sana.sy\/es\/index.php?rest_route=%2Fwp%2Fv2%2Fcategories&post=178882"},{"taxonomy":"post_tag","embeddable":true,"href":"https:\/\/archive.sana.sy\/es\/index.php?rest_route=%2Fwp%2Fv2%2Ftags&post=178882"}],"curies":[{"name":"wp","href":"https:\/\/api.w.org\/{rel}","templated":true}]}}