{"id":178888,"date":"2021-05-09T22:15:54","date_gmt":"2021-05-09T19:15:54","guid":{"rendered":"http:\/\/107.6.182.27\/es\/?p=178888"},"modified":"2023-01-10T14:28:56","modified_gmt":"2023-01-10T12:28:56","slug":"el-gobierno-esta-trabajando-para-paliar-las-dificultades-que-enfrenta-el-ciudadano-afirma-jefe-del-gabinete","status":"publish","type":"post","link":"https:\/\/archive.sana.sy\/es\/?p=178888","title":{"rendered":"El gobierno est\u00e1 trabajando para paliar las dificultades que enfrenta el ciudadano, afirma jefe del Gabinete"},"content":{"rendered":"<p style=\"text-align: justify;\"><span style=\"color: #800000;\"><strong>Damasco, SANA<\/strong><\/span><\/p>\n<p style=\"text-align: justify;\">La Asamblea del Pueblo (Parlamento) celebr\u00f3 una sesi\u00f3n hoy bajo la presidencia de Hammouda Sabbagh, y en presencia del Primer Ministro, Hussein Arnous, y varios ministros.<\/p>\n<p style=\"text-align: justify;\">En un discurso, el Presidente del Consejo afirm\u00f3 que la celebraci\u00f3n de las elecciones presidenciales es un mensaje para el mundo de que Siria est\u00e1 decidida a enfrentar todas las formas de asedio y ocupaci\u00f3n.<\/p>\n<p style=\"text-align: justify;\">Resalt\u00f3 la importancia de los nobles valores reflejados en el Decreto Legislativo No. 13 de 2021, que otorga una amnist\u00eda general por los delitos cometidos antes de la fecha del 2 de mayo de este a\u00f1o, porque la tolerancia es la que construye a las naciones.<\/p>\n<p style=\"text-align: justify;\">Sabbagh destac\u00f3 la importancia los debates entre el Consejo y el gobierno bajo la c\u00fapula del Parlamento en inter\u00e9s de los ciudadanos para contribuir a mejorar su nivel de vida y asegurar sus necesidades b\u00e1sicas.<\/p>\n<p style=\"text-align: justify;\">El Presidente del Consejo extendi\u00f3 un saludo de lealtad a las almas de los m\u00e1rtires y, a la valent\u00eda del Ej\u00e9rcito \u00c1rabe Sirio, deseando una pronta recuperaci\u00f3n de los heridos.<\/p>\n<p style=\"text-align: justify;\">En su discurso, el Primer Ministro afirm\u00f3 que el gobierno est\u00e1 trabajando por paliar las dificultades que enfrenta el ciudadano, en cuanto al costo de vida, los hidrocarburos y la energ\u00eda el\u00e9ctrica, entre otros.<\/p>\n<p style=\"text-align: justify;\">Arnous explic\u00f3 que el gobierno confiere una especial importancia a los proyectos de inversi\u00f3n, por lo cual han sido aprobados proyectos por valor de 137 mil millones de libras sirias.<\/p>\n<p style=\"text-align: justify;\">Indic\u00f3 que el valor de las importaciones disminuy\u00f3 un 27 por ciento respecto al primer trimestre de 2020, mientras que las exportaciones aumentaron un 50 por ciento respecto al primer trimestre del a\u00f1o pasado, alcanzando los 200 millones de euros, lo que supone el mejor desempe\u00f1o trimestral desde 2013 y el costo de importaci\u00f3n m\u00e1s bajo en muchos a\u00f1os.<\/p>\n<p style=\"text-align: justify;\">Se\u00f1al\u00f3 que la celebraci\u00f3n de las elecciones presidenciales en su tiempo previsto representa una continuaci\u00f3n del proceso de construcci\u00f3n del estado de las instituciones, el derecho, la libertad y la democracia, destacando que el gobierno pone todas sus energ\u00edas y esfuerzos al servicio de este sufragio nacional.<\/p>\n<p style=\"text-align: justify;\">El Primer Ministro se refiri\u00f3 a la realizaci\u00f3n varios proyectos en diferentes zonas del pa\u00eds, los cuales mejorar\u00e1n las condiciones de vida de los ciudadanos.<\/p>\n<p style=\"text-align: justify;\">Aclar\u00f3 que la mayor parte de la producci\u00f3n nacional de trigo y petr\u00f3leo est\u00e1 en el suelo nacional, pero los grupos terroristas y sus patronos se apoderan de ella y la venden a los enemigos del pueblo.<\/p>\n<p style=\"text-align: justify;\"><strong><span style=\"color: #0000ff;\">sm\/rsh<\/span><\/strong><\/p>\n","protected":false},"excerpt":{"rendered":"<p>Damasco, SANA La Asamblea del Pueblo (Parlamento) celebr\u00f3 una sesi\u00f3n hoy bajo la presidencia de Hammouda Sabbagh, y en presencia del Primer Ministro, Hussein Arnous, y varios ministros. En un discurso, el Presidente del Consejo afirm\u00f3 que la celebraci\u00f3n de las elecciones presidenciales es un mensaje para el mundo de que Siria est\u00e1 decidida a &hellip;<\/p>\n","protected":false},"author":39,"featured_media":178889,"comment_status":"closed","ping_status":"closed","sticky":false,"template":"","format":"standard","meta":{"footnotes":""},"categories":[447,477,597,476,457],"tags":[],"class_list":["post-178888","post","type-post","status-publish","format-standard","has-post-thumbnail","","category-local-politica","category-noticias-edulcorantes","category-cinta-de-noticias","category-locales","category-noticias-arabe-internacional-politica"],"_links":{"self":[{"href":"https:\/\/archive.sana.sy\/es\/index.php?rest_route=\/wp\/v2\/posts\/178888"}],"collection":[{"href":"https:\/\/archive.sana.sy\/es\/index.php?rest_route=\/wp\/v2\/posts"}],"about":[{"href":"https:\/\/archive.sana.sy\/es\/index.php?rest_route=\/wp\/v2\/types\/post"}],"author":[{"embeddable":true,"href":"https:\/\/archive.sana.sy\/es\/index.php?rest_route=\/wp\/v2\/users\/39"}],"replies":[{"embeddable":true,"href":"https:\/\/archive.sana.sy\/es\/index.php?rest_route=%2Fwp%2Fv2%2Fcomments&post=178888"}],"version-history":[{"count":0,"href":"https:\/\/archive.sana.sy\/es\/index.php?rest_route=\/wp\/v2\/posts\/178888\/revisions"}],"wp:featuredmedia":[{"embeddable":true,"href":"https:\/\/archive.sana.sy\/es\/index.php?rest_route=\/wp\/v2\/media\/178889"}],"wp:attachment":[{"href":"https:\/\/archive.sana.sy\/es\/index.php?rest_route=%2Fwp%2Fv2%2Fmedia&parent=178888"}],"wp:term":[{"taxonomy":"category","embeddable":true,"href":"https:\/\/archive.sana.sy\/es\/index.php?rest_route=%2Fwp%2Fv2%2Fcategories&post=178888"},{"taxonomy":"post_tag","embeddable":true,"href":"https:\/\/archive.sana.sy\/es\/index.php?rest_route=%2Fwp%2Fv2%2Ftags&post=178888"}],"curies":[{"name":"wp","href":"https:\/\/api.w.org\/{rel}","templated":true}]}}