{"id":178907,"date":"2021-05-09T22:30:39","date_gmt":"2021-05-09T19:30:39","guid":{"rendered":"http:\/\/107.6.182.27\/es\/?p=178907"},"modified":"2023-01-12T14:41:24","modified_gmt":"2023-01-12T12:41:24","slug":"bombardeo-israeli-con-artilleria-contra-gaza","status":"publish","type":"post","link":"https:\/\/archive.sana.sy\/es\/?p=178907","title":{"rendered":"Bombardeo israel\u00ed con artiller\u00eda contra Gaza"},"content":{"rendered":"<p style=\"text-align: justify;\"><span style=\"color: #800000;\"><strong>Jerusal\u00e9n ocupada, \u00a0SANA<\/strong><\/span><\/p>\n<p style=\"text-align: justify;\">La artiller\u00eda del ocupante israel\u00ed bombarde\u00f3 la madrugada de este lunes la Franja de Gaza.<\/p>\n<p style=\"text-align: justify;\">Medios palestinos informaron que un bombardeo artillero con dos proyectiles tuvo como objetivo al este de Rafah y la ciudad de Beit Lahia en el norte de la Franja.<\/p>\n<p style=\"text-align: justify;\">Agregaron que la acci\u00f3n provoc\u00f3 da\u00f1os en las propiedades palestinas e incendios en el lugar \u00a0sin ning\u00fan se reporten heridos.<\/p>\n<p style=\"text-align: justify;\">En la v\u00edspera, un avi\u00f3n de combate israel\u00ed bombarde\u00f3 con dos misiles el \u00e1rea de Deir Al-Balah provocando da\u00f1os materiales.<\/p>\n<p style=\"text-align: justify;\"><span style=\"color: #0000ff;\"><strong>fm<\/strong><\/span><\/p>\n","protected":false},"excerpt":{"rendered":"<p>Jerusal\u00e9n ocupada, \u00a0SANA La artiller\u00eda del ocupante israel\u00ed bombarde\u00f3 la madrugada de este lunes la Franja de Gaza. Medios palestinos informaron que un bombardeo artillero con dos proyectiles tuvo como objetivo al este de Rafah y la ciudad de Beit Lahia en el norte de la Franja. Agregaron que la acci\u00f3n provoc\u00f3 da\u00f1os en las &hellip;<\/p>\n","protected":false},"author":34,"featured_media":178908,"comment_status":"closed","ping_status":"closed","sticky":false,"template":"","format":"standard","meta":{"footnotes":""},"categories":[597,456,7541],"tags":[],"class_list":["post-178907","post","type-post","status-publish","format-standard","has-post-thumbnail","","category-cinta-de-noticias","category-arabe-internacional-politica","category-ultimas-noticias"],"_links":{"self":[{"href":"https:\/\/archive.sana.sy\/es\/index.php?rest_route=\/wp\/v2\/posts\/178907"}],"collection":[{"href":"https:\/\/archive.sana.sy\/es\/index.php?rest_route=\/wp\/v2\/posts"}],"about":[{"href":"https:\/\/archive.sana.sy\/es\/index.php?rest_route=\/wp\/v2\/types\/post"}],"author":[{"embeddable":true,"href":"https:\/\/archive.sana.sy\/es\/index.php?rest_route=\/wp\/v2\/users\/34"}],"replies":[{"embeddable":true,"href":"https:\/\/archive.sana.sy\/es\/index.php?rest_route=%2Fwp%2Fv2%2Fcomments&post=178907"}],"version-history":[{"count":0,"href":"https:\/\/archive.sana.sy\/es\/index.php?rest_route=\/wp\/v2\/posts\/178907\/revisions"}],"wp:featuredmedia":[{"embeddable":true,"href":"https:\/\/archive.sana.sy\/es\/index.php?rest_route=\/wp\/v2\/media\/178908"}],"wp:attachment":[{"href":"https:\/\/archive.sana.sy\/es\/index.php?rest_route=%2Fwp%2Fv2%2Fmedia&parent=178907"}],"wp:term":[{"taxonomy":"category","embeddable":true,"href":"https:\/\/archive.sana.sy\/es\/index.php?rest_route=%2Fwp%2Fv2%2Fcategories&post=178907"},{"taxonomy":"post_tag","embeddable":true,"href":"https:\/\/archive.sana.sy\/es\/index.php?rest_route=%2Fwp%2Fv2%2Ftags&post=178907"}],"curies":[{"name":"wp","href":"https:\/\/api.w.org\/{rel}","templated":true}]}}