{"id":178910,"date":"2021-05-10T08:44:01","date_gmt":"2021-05-10T05:44:01","guid":{"rendered":"http:\/\/107.6.182.27\/es\/?p=178910"},"modified":"2021-05-10T09:34:35","modified_gmt":"2021-05-10T06:34:35","slug":"las-fuerzas-de-ocupacion-israelies-asaltan-la-mezquita-de-al-aqsa-y-disparan-balas-reales-y-bombas-de-gas-lacrimogeno-contra-los-palestinos-en-la-misma","status":"publish","type":"post","link":"https:\/\/archive.sana.sy\/es\/?p=178910","title":{"rendered":"Las fuerzas de ocupaci\u00f3n israel\u00edes asaltan la mezquita de Al-Aqsa y disparan balas reales y bombas de gas lacrim\u00f3geno contra los palestinos en la misma"},"content":{"rendered":"","protected":false},"excerpt":{"rendered":"","protected":false},"author":35,"featured_media":0,"comment_status":"closed","ping_status":"closed","sticky":false,"template":"","format":"standard","meta":{"footnotes":""},"categories":[1],"tags":[],"class_list":["post-178910","post","type-post","status-publish","format-standard","","category-news-not-sorted"],"_links":{"self":[{"href":"https:\/\/archive.sana.sy\/es\/index.php?rest_route=\/wp\/v2\/posts\/178910"}],"collection":[{"href":"https:\/\/archive.sana.sy\/es\/index.php?rest_route=\/wp\/v2\/posts"}],"about":[{"href":"https:\/\/archive.sana.sy\/es\/index.php?rest_route=\/wp\/v2\/types\/post"}],"author":[{"embeddable":true,"href":"https:\/\/archive.sana.sy\/es\/index.php?rest_route=\/wp\/v2\/users\/35"}],"replies":[{"embeddable":true,"href":"https:\/\/archive.sana.sy\/es\/index.php?rest_route=%2Fwp%2Fv2%2Fcomments&post=178910"}],"version-history":[{"count":0,"href":"https:\/\/archive.sana.sy\/es\/index.php?rest_route=\/wp\/v2\/posts\/178910\/revisions"}],"wp:attachment":[{"href":"https:\/\/archive.sana.sy\/es\/index.php?rest_route=%2Fwp%2Fv2%2Fmedia&parent=178910"}],"wp:term":[{"taxonomy":"category","embeddable":true,"href":"https:\/\/archive.sana.sy\/es\/index.php?rest_route=%2Fwp%2Fv2%2Fcategories&post=178910"},{"taxonomy":"post_tag","embeddable":true,"href":"https:\/\/archive.sana.sy\/es\/index.php?rest_route=%2Fwp%2Fv2%2Ftags&post=178910"}],"curies":[{"name":"wp","href":"https:\/\/api.w.org\/{rel}","templated":true}]}}