{"id":178951,"date":"2021-05-10T10:41:37","date_gmt":"2021-05-10T07:41:37","guid":{"rendered":"http:\/\/107.6.182.27\/es\/?p=178951"},"modified":"2021-05-10T10:41:37","modified_gmt":"2021-05-10T07:41:37","slug":"politica-de-la-otan-hacia-siria-evidencia-que-es-una-organizacion-criminal","status":"publish","type":"post","link":"https:\/\/archive.sana.sy\/es\/?p=178951","title":{"rendered":"Pol\u00edtica de la OTAN hacia Siria evidencia que es una organizaci\u00f3n criminal"},"content":{"rendered":"<p style=\"text-align: justify;\"><strong><span style=\"color: #800000;\">Praga, SANA<\/span><\/strong><\/p>\n<p style=\"text-align: justify;\">El jefe del Partido Comunista Eslovaco, Josef Hardlichka, afirm\u00f3 que la pol\u00edtica de la Organizaci\u00f3n del Tratado del Atl\u00e1ntico Norte (OTAN) hacia Siria y otros pa\u00edses confirma que es una organizaci\u00f3n criminal y agresiva y llam\u00f3 a su disoluci\u00f3n por el bien del mundo.<\/p>\n<p style=\"text-align: justify;\">&#8220;Las intervenciones militares y los ataques llevados a cabo por la OTAN en Siria, Irak, Libia y otros pa\u00edses representan una evidencia concreta de que no solo es una organizaci\u00f3n agresiva, sino tambi\u00e9n criminal&#8221;, dijo Hardlichka en una entrevista con el portal eslovaco Extra Plus.<\/p>\n<p style=\"text-align: justify;\">Se\u00f1al\u00f3 que la OTAN no es defensiva como algunos alegan sino que comete cr\u00edmenes en diferentes regiones del mundo.<\/p>\n<p style=\"text-align: justify;\">Destac\u00f3 que su disoluci\u00f3n dar\u00e1 una mayor oportunidad de paz y estabilidad en el mundo.<\/p>\n<p style=\"text-align: justify;\"><span style=\"color: #0000ff;\"><strong>fm\/ws<\/strong><\/span><\/p>\n","protected":false},"excerpt":{"rendered":"<p>Praga, SANA El jefe del Partido Comunista Eslovaco, Josef Hardlichka, afirm\u00f3 que la pol\u00edtica de la Organizaci\u00f3n del Tratado del Atl\u00e1ntico Norte (OTAN) hacia Siria y otros pa\u00edses confirma que es una organizaci\u00f3n criminal y agresiva y llam\u00f3 a su disoluci\u00f3n por el bien del mundo. &#8220;Las intervenciones militares y los ataques llevados a cabo &hellip;<\/p>\n","protected":false},"author":35,"featured_media":178952,"comment_status":"closed","ping_status":"closed","sticky":false,"template":"","format":"standard","meta":{"footnotes":""},"categories":[597,467,7541],"tags":[],"class_list":["post-178951","post","type-post","status-publish","format-standard","has-post-thumbnail","","category-cinta-de-noticias","category-siria-y-el-mundo","category-ultimas-noticias"],"_links":{"self":[{"href":"https:\/\/archive.sana.sy\/es\/index.php?rest_route=\/wp\/v2\/posts\/178951"}],"collection":[{"href":"https:\/\/archive.sana.sy\/es\/index.php?rest_route=\/wp\/v2\/posts"}],"about":[{"href":"https:\/\/archive.sana.sy\/es\/index.php?rest_route=\/wp\/v2\/types\/post"}],"author":[{"embeddable":true,"href":"https:\/\/archive.sana.sy\/es\/index.php?rest_route=\/wp\/v2\/users\/35"}],"replies":[{"embeddable":true,"href":"https:\/\/archive.sana.sy\/es\/index.php?rest_route=%2Fwp%2Fv2%2Fcomments&post=178951"}],"version-history":[{"count":0,"href":"https:\/\/archive.sana.sy\/es\/index.php?rest_route=\/wp\/v2\/posts\/178951\/revisions"}],"wp:featuredmedia":[{"embeddable":true,"href":"https:\/\/archive.sana.sy\/es\/index.php?rest_route=\/wp\/v2\/media\/178952"}],"wp:attachment":[{"href":"https:\/\/archive.sana.sy\/es\/index.php?rest_route=%2Fwp%2Fv2%2Fmedia&parent=178951"}],"wp:term":[{"taxonomy":"category","embeddable":true,"href":"https:\/\/archive.sana.sy\/es\/index.php?rest_route=%2Fwp%2Fv2%2Fcategories&post=178951"},{"taxonomy":"post_tag","embeddable":true,"href":"https:\/\/archive.sana.sy\/es\/index.php?rest_route=%2Fwp%2Fv2%2Ftags&post=178951"}],"curies":[{"name":"wp","href":"https:\/\/api.w.org\/{rel}","templated":true}]}}