{"id":17896,"date":"2015-02-13T21:00:47","date_gmt":"2015-02-13T19:00:47","guid":{"rendered":"http:\/\/www.sana.sy\/es\/?p=17896"},"modified":"2023-01-09T14:10:19","modified_gmt":"2023-01-09T12:10:19","slug":"las-fuerzas-armadas-prosiguen-sus-luchas-contra-los-terroristas-en-varias-zonas-del-pais","status":"publish","type":"post","link":"https:\/\/archive.sana.sy\/es\/?p=17896","title":{"rendered":"Las Fuerzas Armadas prosiguen sus luchas contra los terroristas en varias zonas del pa\u00eds"},"content":{"rendered":"<p style=\"text-align: justify\"><span style=\"color: #0000ff\">Provincias, SANA<\/span><\/p>\n<p><span style=\"color: #0000ff\">Damasco-Campo<\/span>.<\/p>\n<p style=\"text-align: justify\">En el campo de Damasco las unidades del ej\u00e9rcito y de las fuerzas armadas asestaron duros golpes a los refugios de los terroristas en las fincas de al-Ghouta oriental, los cuales dejaron muertos y heridos a numerosos terroristas, algunos de ellos de nacionalidades extranjeras, entre ellas la nacionalidad azerbaiyana.<\/p>\n<p>Asimismo, un optativo especial militar del ej\u00e9rcito consigui\u00f3 eliminar a un n\u00famero de terroristas en el entorno de la mezquita Ahel al-Safa en el municipio Aien Tarma, y por otra parte una unidad del ej\u00e9rcito retom\u00f3 el control sobre nuevos edificios en Yobar.<\/p>\n<p style=\"text-align: justify\"><span style=\"color: #0000ff\">Deraa<\/span><br \/>\nUna fuente militar le inform\u00f3 a SANA que, que una unidad del ej\u00e9rcito dej\u00f3 un n\u00famero de terrorista entre muertos y heridos en la colina de Antar, al-Alaquia, Kafer Naseg, Salmin, y La colina norte\u00f1a del municipio Zamrin en la campi\u00f1a de Deraa. Mientras que otras unidades del ej\u00e9rcito eliminaron a integrantes terroristas en la zona al-Jezza, Maraba, Ataman, y Bosra al-Sham en la campi\u00f1a oriental de Deraa.<\/p>\n<p style=\"text-align: justify\"><span style=\"color: #0000ff\">Idleb<\/span><br \/>\nUnidades del ej\u00e9rcito y de las fuerzas armadas realiz\u00f3 unos operativos en el campo de Idleb, donde los terroristas sufrieron grandes p\u00e9rdidas tanto humanas como materiales en las zonas de Sahel al-Roug y Aein al-Bared.<br \/>\nAsimismo, otras unidades del ej\u00e9rcito detonaron un refugio de terroristas del Frente Al-Nusra en la aldea de Filon al sur de Idleb, y en la zona de Abu al-Duhor.<\/p>\n<p style=\"text-align: justify\"><span style=\"color: #0000ff\">Al-Hasaka<\/span><br \/>\nAsimismo, una unidad castrense, acab\u00f3 con terroristas del Estado Isl\u00e1mico en la campi\u00f1a de Hassakeh, y en la carretera de la monta\u00f1a Abd-Alaziz<br \/>\nEn otros enfrentamientos, las FFAA infligieron significativas bajas en las filas de los terroristas del EI, as\u00ed como les destruyeron un veh\u00edculo al sur de Qameshly.<\/p>\n<p style=\"text-align: justify\"><span style=\"color: #0000ff\">HAMA<\/span><\/p>\n<p style=\"text-align: justify\">El ej\u00e9rcito lanza un operativo contra los terroristas en el norte de Shel Al-ghab, donde cayeron los integrantes entre muertos y heridos.\u00a0Asimismo, unas p\u00e1ginas de redes sociales emitieron un video de una manifestaci\u00f3n en contra de los terroristas de la frente Al-Nusra en la aldea Ferkia en la zona de Jabal al-Zaewe.<\/p>\n<p style=\"text-align: justify\"><span style=\"color: #800000\">M.Miri, Riad.Sh<\/span><\/p>\n","protected":false},"excerpt":{"rendered":"<p>Provincias, SANA Damasco-Campo. En el campo de Damasco las unidades del ej\u00e9rcito y de las fuerzas armadas asestaron duros golpes a los refugios de los terroristas en las fincas de al-Ghouta oriental, los cuales dejaron muertos y heridos a numerosos terroristas, algunos de ellos de nacionalidades extranjeras, entre ellas la nacionalidad azerbaiyana. Asimismo, un optativo &hellip;<\/p>\n","protected":false},"author":1,"featured_media":11447,"comment_status":"closed","ping_status":"closed","sticky":false,"template":"","format":"standard","meta":{"footnotes":""},"categories":[597,456,573,476,457,576],"tags":[4066],"class_list":["post-17896","post","type-post","status-publish","format-standard","has-post-thumbnail","","category-cinta-de-noticias","category-arabe-internacional-politica","category-la-realidad-de-los-acontecimientos-en-siria","category-locales","category-noticias-arabe-internacional-politica","category-noticias-politicas","tag-las-fuerzas-armadas-prosiguen-sus-luchas-contra-los-terroristas-en-varias-zonas-del-pais"],"_links":{"self":[{"href":"https:\/\/archive.sana.sy\/es\/index.php?rest_route=\/wp\/v2\/posts\/17896"}],"collection":[{"href":"https:\/\/archive.sana.sy\/es\/index.php?rest_route=\/wp\/v2\/posts"}],"about":[{"href":"https:\/\/archive.sana.sy\/es\/index.php?rest_route=\/wp\/v2\/types\/post"}],"author":[{"embeddable":true,"href":"https:\/\/archive.sana.sy\/es\/index.php?rest_route=\/wp\/v2\/users\/1"}],"replies":[{"embeddable":true,"href":"https:\/\/archive.sana.sy\/es\/index.php?rest_route=%2Fwp%2Fv2%2Fcomments&post=17896"}],"version-history":[{"count":0,"href":"https:\/\/archive.sana.sy\/es\/index.php?rest_route=\/wp\/v2\/posts\/17896\/revisions"}],"wp:featuredmedia":[{"embeddable":true,"href":"https:\/\/archive.sana.sy\/es\/index.php?rest_route=\/wp\/v2\/media\/11447"}],"wp:attachment":[{"href":"https:\/\/archive.sana.sy\/es\/index.php?rest_route=%2Fwp%2Fv2%2Fmedia&parent=17896"}],"wp:term":[{"taxonomy":"category","embeddable":true,"href":"https:\/\/archive.sana.sy\/es\/index.php?rest_route=%2Fwp%2Fv2%2Fcategories&post=17896"},{"taxonomy":"post_tag","embeddable":true,"href":"https:\/\/archive.sana.sy\/es\/index.php?rest_route=%2Fwp%2Fv2%2Ftags&post=17896"}],"curies":[{"name":"wp","href":"https:\/\/api.w.org\/{rel}","templated":true}]}}