{"id":179109,"date":"2021-05-11T18:43:05","date_gmt":"2021-05-11T15:43:05","guid":{"rendered":"http:\/\/107.6.182.27\/es\/?p=179109"},"modified":"2023-01-12T14:41:23","modified_gmt":"2023-01-12T12:41:23","slug":"aoun-llama-a-detener-agresion-israeli-contra-el-pueblo-palestino","status":"publish","type":"post","link":"https:\/\/archive.sana.sy\/es\/?p=179109","title":{"rendered":"Aoun llama a detener agresi\u00f3n israel\u00ed contra el pueblo palestino"},"content":{"rendered":"<p><span style=\"color: #800000;\">Beirut, SANA<\/span><\/p>\n<p style=\"text-align: justify;\">El presidente liban\u00e9s, Michel Aoun, pidi\u00f3, este martes, a la comunidad internacional que detenga la agresi\u00f3n israel\u00ed contra el pueblo palestino, seg\u00fan inform\u00f3 la agencia estatal libanesa de noticia.<\/p>\n<p style=\"text-align: justify;\">&#8220;No hay paz sin justicia, ni justicia sin respeto a los derechos&#8221;, declar\u00f3 el presidente liban\u00e9s.<\/p>\n<p style=\"text-align: justify;\">Aoun agreg\u00f3 que &#8220;el uso excesivo del principio de fuerza, desplazamiento y privaci\u00f3n de derechos solo conducir\u00e1 a m\u00e1s intimidaci\u00f3n, injusticia y violaci\u00f3n de las leyes y resoluciones internacionales relacionadas con el derecho pueblo palestino a establecer su estado independiente, con Jerusal\u00e9n como su capital.<\/p>\n<p style=\"text-align: justify;\">El pasado s\u00e1bado, el mandatario libanes Aoun manifest\u00f3 que la ciudad de Jerusal\u00e9n y su pueblo continuar\u00e1n sufriendo las pr\u00e1cticas opresivas y arbitrarias de la ocupaci\u00f3n israel\u00ed mientras prevalezca el principio de fuerza y desplazamiento.<\/p>\n<p><em>mm<\/em><\/p>\n","protected":false},"excerpt":{"rendered":"<p>Beirut, SANA El presidente liban\u00e9s, Michel Aoun, pidi\u00f3, este martes, a la comunidad internacional que detenga la agresi\u00f3n israel\u00ed contra el pueblo palestino, seg\u00fan inform\u00f3 la agencia estatal libanesa de noticia. &#8220;No hay paz sin justicia, ni justicia sin respeto a los derechos&#8221;, declar\u00f3 el presidente liban\u00e9s. Aoun agreg\u00f3 que &#8220;el uso excesivo del principio &hellip;<\/p>\n","protected":false},"author":36,"featured_media":179110,"comment_status":"closed","ping_status":"closed","sticky":false,"template":"","format":"standard","meta":{"footnotes":""},"categories":[597,456,457],"tags":[],"class_list":["post-179109","post","type-post","status-publish","format-standard","has-post-thumbnail","","category-cinta-de-noticias","category-arabe-internacional-politica","category-noticias-arabe-internacional-politica"],"_links":{"self":[{"href":"https:\/\/archive.sana.sy\/es\/index.php?rest_route=\/wp\/v2\/posts\/179109"}],"collection":[{"href":"https:\/\/archive.sana.sy\/es\/index.php?rest_route=\/wp\/v2\/posts"}],"about":[{"href":"https:\/\/archive.sana.sy\/es\/index.php?rest_route=\/wp\/v2\/types\/post"}],"author":[{"embeddable":true,"href":"https:\/\/archive.sana.sy\/es\/index.php?rest_route=\/wp\/v2\/users\/36"}],"replies":[{"embeddable":true,"href":"https:\/\/archive.sana.sy\/es\/index.php?rest_route=%2Fwp%2Fv2%2Fcomments&post=179109"}],"version-history":[{"count":0,"href":"https:\/\/archive.sana.sy\/es\/index.php?rest_route=\/wp\/v2\/posts\/179109\/revisions"}],"wp:featuredmedia":[{"embeddable":true,"href":"https:\/\/archive.sana.sy\/es\/index.php?rest_route=\/wp\/v2\/media\/179110"}],"wp:attachment":[{"href":"https:\/\/archive.sana.sy\/es\/index.php?rest_route=%2Fwp%2Fv2%2Fmedia&parent=179109"}],"wp:term":[{"taxonomy":"category","embeddable":true,"href":"https:\/\/archive.sana.sy\/es\/index.php?rest_route=%2Fwp%2Fv2%2Fcategories&post=179109"},{"taxonomy":"post_tag","embeddable":true,"href":"https:\/\/archive.sana.sy\/es\/index.php?rest_route=%2Fwp%2Fv2%2Ftags&post=179109"}],"curies":[{"name":"wp","href":"https:\/\/api.w.org\/{rel}","templated":true}]}}