{"id":179112,"date":"2021-05-11T18:56:59","date_gmt":"2021-05-11T15:56:59","guid":{"rendered":"http:\/\/107.6.182.27\/es\/?p=179112"},"modified":"2021-05-12T16:42:54","modified_gmt":"2021-05-12T13:42:54","slug":"siria-e-irak-abordan-esfuerzos-para-hacer-cara-a-las-medidas-del-regimen-turco-en-eufrates-y-tigris","status":"publish","type":"post","link":"https:\/\/archive.sana.sy\/es\/?p=179112","title":{"rendered":"Siria e Irak abordan esfuerzos para hacer cara a las medidas del r\u00e9gimen turco en \u00c9ufrates y Tigris"},"content":{"rendered":"<p style=\"text-align: justify\"><span style=\"color: #800000\">Damasco, SANA<\/span><\/p>\n<p style=\"text-align: justify\">El Ministro de Recursos H\u00eddricos, Tamam Raad, debati\u00f3 este martes con su par iraqu\u00ed, Mahdi Rashid al-Hamdani, las novedades respecto a las medidas tomadas por el r\u00e9gimen turco que privaron a Siria e Irak de los recursos h\u00eddricos de los r\u00edos \u00c9ufrates y Tigris.<\/p>\n<p style=\"text-align: justify\">Durante la reuni\u00f3n telem\u00e1tica, ambas partes abordaron los esfuerzos conjuntos encaminados a presionar al r\u00e9gimen turco para que detenga estas medidas.<\/p>\n<p style=\"text-align: justify\">En este contexto, el Ministro iraqu\u00ed explic\u00f3 la magnitud del sufrimiento que vive el pueblo iraqu\u00ed a consecuencia de las \u00faltimas pr\u00e1cticas turcas que llevaron a un descenso sin precedente en el nivel de agua en \u00c9ufrates y Tigris, y asegur\u00f3 que Irak act\u00faa para aumentar sus cuotas en los dos r\u00edos.<\/p>\n<p style=\"text-align: justify\">A su vez, el ministro Raad habl\u00f3 de los contactos realizados por el gobierno sirio con varios pa\u00edses amigos y organizaciones internacionales con vistas a presionar al r\u00e9gimen turco para que cese esta acci\u00f3n en contra de Siria e Irak.<\/p>\n<p style=\"text-align: justify\">Destac\u00f3 la importancia de que las dos naciones hermanas a\u00fanen esfuerzos y eleven el nivel de coordinaci\u00f3n en este sentido.<\/p>\n<p style=\"text-align: justify\"><span style=\"color: #0000ff\"><strong><em>la<\/em><\/strong><\/span><\/p>\n","protected":false},"excerpt":{"rendered":"<p>Damasco, SANA El Ministro de Recursos H\u00eddricos, Tamam Raad, debati\u00f3 este martes con su par iraqu\u00ed, Mahdi Rashid al-Hamdani, las novedades respecto a las medidas tomadas por el r\u00e9gimen turco que privaron a Siria e Irak de los recursos h\u00eddricos de los r\u00edos \u00c9ufrates y Tigris. Durante la reuni\u00f3n telem\u00e1tica, ambas partes abordaron los esfuerzos &hellip;<\/p>\n","protected":false},"author":24,"featured_media":179113,"comment_status":"closed","ping_status":"closed","sticky":false,"template":"","format":"standard","meta":{"footnotes":""},"categories":[597,476,467,7541],"tags":[],"class_list":["post-179112","post","type-post","status-publish","format-standard","has-post-thumbnail","","category-cinta-de-noticias","category-locales","category-siria-y-el-mundo","category-ultimas-noticias"],"_links":{"self":[{"href":"https:\/\/archive.sana.sy\/es\/index.php?rest_route=\/wp\/v2\/posts\/179112"}],"collection":[{"href":"https:\/\/archive.sana.sy\/es\/index.php?rest_route=\/wp\/v2\/posts"}],"about":[{"href":"https:\/\/archive.sana.sy\/es\/index.php?rest_route=\/wp\/v2\/types\/post"}],"author":[{"embeddable":true,"href":"https:\/\/archive.sana.sy\/es\/index.php?rest_route=\/wp\/v2\/users\/24"}],"replies":[{"embeddable":true,"href":"https:\/\/archive.sana.sy\/es\/index.php?rest_route=%2Fwp%2Fv2%2Fcomments&post=179112"}],"version-history":[{"count":0,"href":"https:\/\/archive.sana.sy\/es\/index.php?rest_route=\/wp\/v2\/posts\/179112\/revisions"}],"wp:featuredmedia":[{"embeddable":true,"href":"https:\/\/archive.sana.sy\/es\/index.php?rest_route=\/wp\/v2\/media\/179113"}],"wp:attachment":[{"href":"https:\/\/archive.sana.sy\/es\/index.php?rest_route=%2Fwp%2Fv2%2Fmedia&parent=179112"}],"wp:term":[{"taxonomy":"category","embeddable":true,"href":"https:\/\/archive.sana.sy\/es\/index.php?rest_route=%2Fwp%2Fv2%2Fcategories&post=179112"},{"taxonomy":"post_tag","embeddable":true,"href":"https:\/\/archive.sana.sy\/es\/index.php?rest_route=%2Fwp%2Fv2%2Ftags&post=179112"}],"curies":[{"name":"wp","href":"https:\/\/api.w.org\/{rel}","templated":true}]}}