{"id":17913,"date":"2015-02-14T14:00:19","date_gmt":"2015-02-14T12:00:19","guid":{"rendered":"http:\/\/www.sana.sy\/es\/?p=17913"},"modified":"2015-02-14T14:33:29","modified_gmt":"2015-02-14T12:33:29","slug":"movimiento-nacional-tunecino-de-nidal-exige-reanudar-las-relaciones-diplomaticas-con-siria","status":"publish","type":"post","link":"https:\/\/archive.sana.sy\/es\/?p=17913","title":{"rendered":"Movimiento Nacional tunecino de Nidal exige reanudar las relaciones diplom\u00e1ticas con Siria"},"content":{"rendered":"<p>T\u00fanez, SANA<\/p>\n<p>El Movimiento Nacional tunecino de Nidal exigi\u00f3 al nuevo gobierno que reanude las relaciones diplom\u00e1ticas con Siria lo antes posible, y coordine con la misma para hacer frente al peligro de las bandas terroristas takfiristas.<\/p>\n<p>Asimismo inst\u00f3 al gobierno no aplazar este expediente y cumplir sus promesas al respecto.<br \/>\nLynn A.<\/p>\n","protected":false},"excerpt":{"rendered":"<p>T\u00fanez, SANA El Movimiento Nacional tunecino de Nidal exigi\u00f3 al nuevo gobierno que reanude las relaciones diplom\u00e1ticas con Siria lo antes posible, y coordine con la misma para hacer frente al peligro de las bandas terroristas takfiristas. Asimismo inst\u00f3 al gobierno no aplazar este expediente y cumplir sus promesas al respecto. Lynn A.<\/p>\n","protected":false},"author":24,"featured_media":17914,"comment_status":"closed","ping_status":"closed","sticky":false,"template":"","format":"standard","meta":{"footnotes":""},"categories":[597,456,457,576],"tags":[4070],"class_list":["post-17913","post","type-post","status-publish","format-standard","has-post-thumbnail","","category-cinta-de-noticias","category-arabe-internacional-politica","category-noticias-arabe-internacional-politica","category-noticias-politicas","tag-movimiento-nacional-tunecino-de-nidal-exige-reanudar-las-relaciones-diplomaticas-con-siria"],"_links":{"self":[{"href":"https:\/\/archive.sana.sy\/es\/index.php?rest_route=\/wp\/v2\/posts\/17913"}],"collection":[{"href":"https:\/\/archive.sana.sy\/es\/index.php?rest_route=\/wp\/v2\/posts"}],"about":[{"href":"https:\/\/archive.sana.sy\/es\/index.php?rest_route=\/wp\/v2\/types\/post"}],"author":[{"embeddable":true,"href":"https:\/\/archive.sana.sy\/es\/index.php?rest_route=\/wp\/v2\/users\/24"}],"replies":[{"embeddable":true,"href":"https:\/\/archive.sana.sy\/es\/index.php?rest_route=%2Fwp%2Fv2%2Fcomments&post=17913"}],"version-history":[{"count":0,"href":"https:\/\/archive.sana.sy\/es\/index.php?rest_route=\/wp\/v2\/posts\/17913\/revisions"}],"wp:featuredmedia":[{"embeddable":true,"href":"https:\/\/archive.sana.sy\/es\/index.php?rest_route=\/wp\/v2\/media\/17914"}],"wp:attachment":[{"href":"https:\/\/archive.sana.sy\/es\/index.php?rest_route=%2Fwp%2Fv2%2Fmedia&parent=17913"}],"wp:term":[{"taxonomy":"category","embeddable":true,"href":"https:\/\/archive.sana.sy\/es\/index.php?rest_route=%2Fwp%2Fv2%2Fcategories&post=17913"},{"taxonomy":"post_tag","embeddable":true,"href":"https:\/\/archive.sana.sy\/es\/index.php?rest_route=%2Fwp%2Fv2%2Ftags&post=17913"}],"curies":[{"name":"wp","href":"https:\/\/api.w.org\/{rel}","templated":true}]}}