{"id":179151,"date":"2021-05-11T21:22:24","date_gmt":"2021-05-11T18:22:24","guid":{"rendered":"http:\/\/107.6.182.27\/es\/?p=179151"},"modified":"2023-01-12T14:41:22","modified_gmt":"2023-01-12T12:41:22","slug":"fuerzas-de-ocupacion-israelies-matan-a-tiros-a-un-joven-palestino","status":"publish","type":"post","link":"https:\/\/archive.sana.sy\/es\/?p=179151","title":{"rendered":"Fuerzas de ocupaci\u00f3n israel\u00edes matan a tiros a un joven palestino"},"content":{"rendered":"<p><span style=\"color: #800000;\">Jerusal\u00e9n ocupada, SANA<\/span><\/p>\n<p style=\"text-align: justify;\">Un joven palestino perdi\u00f3 la vida y otro result\u00f3 herido esta noche por las balas de las fuerzas de ocupaci\u00f3n israel\u00edes al sur de Naplusa en Cisjordania.<\/p>\n<p style=\"text-align: justify;\">Seg\u00fan inform\u00f3 la agencia palestina de noticias &#8220;MAAN&#8221;, las fuerzas de ocupaci\u00f3n dispararon contra dos j\u00f3venes cuando pasaban por el puesto de control de Za&#8217;tara, al sur de Nablus, matando a uno de ellos e hiriendo al otro.<\/p>\n<p style=\"text-align: justify;\">Las fuerzas de ocupaci\u00f3n contin\u00faan con sus pr\u00e1cticas brutales en los territorios palestinos, ya que varios palestinos resultaron heridos y asfixiados en Ramallah en Cisjordania.<\/p>\n<p><em>mm<\/em><\/p>\n<p>&nbsp;<\/p>\n","protected":false},"excerpt":{"rendered":"<p>Jerusal\u00e9n ocupada, SANA Un joven palestino perdi\u00f3 la vida y otro result\u00f3 herido esta noche por las balas de las fuerzas de ocupaci\u00f3n israel\u00edes al sur de Naplusa en Cisjordania. Seg\u00fan inform\u00f3 la agencia palestina de noticias &#8220;MAAN&#8221;, las fuerzas de ocupaci\u00f3n dispararon contra dos j\u00f3venes cuando pasaban por el puesto de control de Za&#8217;tara, &hellip;<\/p>\n","protected":false},"author":36,"featured_media":179152,"comment_status":"closed","ping_status":"closed","sticky":false,"template":"","format":"standard","meta":{"footnotes":""},"categories":[597,456,457],"tags":[],"class_list":["post-179151","post","type-post","status-publish","format-standard","has-post-thumbnail","","category-cinta-de-noticias","category-arabe-internacional-politica","category-noticias-arabe-internacional-politica"],"_links":{"self":[{"href":"https:\/\/archive.sana.sy\/es\/index.php?rest_route=\/wp\/v2\/posts\/179151"}],"collection":[{"href":"https:\/\/archive.sana.sy\/es\/index.php?rest_route=\/wp\/v2\/posts"}],"about":[{"href":"https:\/\/archive.sana.sy\/es\/index.php?rest_route=\/wp\/v2\/types\/post"}],"author":[{"embeddable":true,"href":"https:\/\/archive.sana.sy\/es\/index.php?rest_route=\/wp\/v2\/users\/36"}],"replies":[{"embeddable":true,"href":"https:\/\/archive.sana.sy\/es\/index.php?rest_route=%2Fwp%2Fv2%2Fcomments&post=179151"}],"version-history":[{"count":0,"href":"https:\/\/archive.sana.sy\/es\/index.php?rest_route=\/wp\/v2\/posts\/179151\/revisions"}],"wp:featuredmedia":[{"embeddable":true,"href":"https:\/\/archive.sana.sy\/es\/index.php?rest_route=\/wp\/v2\/media\/179152"}],"wp:attachment":[{"href":"https:\/\/archive.sana.sy\/es\/index.php?rest_route=%2Fwp%2Fv2%2Fmedia&parent=179151"}],"wp:term":[{"taxonomy":"category","embeddable":true,"href":"https:\/\/archive.sana.sy\/es\/index.php?rest_route=%2Fwp%2Fv2%2Fcategories&post=179151"},{"taxonomy":"post_tag","embeddable":true,"href":"https:\/\/archive.sana.sy\/es\/index.php?rest_route=%2Fwp%2Fv2%2Ftags&post=179151"}],"curies":[{"name":"wp","href":"https:\/\/api.w.org\/{rel}","templated":true}]}}