{"id":17916,"date":"2015-02-14T14:38:00","date_gmt":"2015-02-14T12:38:00","guid":{"rendered":"http:\/\/www.sana.sy\/es\/?p=17916"},"modified":"2015-02-15T14:41:52","modified_gmt":"2015-02-15T12:41:52","slug":"los-golaneses-conmemoran-el-30-aniversario-de-su-huelga-en-rechazo-a-la-imposicion-de-la-identidad-sionista","status":"publish","type":"post","link":"https:\/\/archive.sana.sy\/es\/?p=17916","title":{"rendered":"Los golaneses conmemoran el 30 aniversario de su huelga en rechazo a la imposici\u00f3n de la identidad sionista"},"content":{"rendered":"<p>Damasco, SANA<\/p>\n<p>Han pasado 30 a\u00f1os desde aquella Intifada que puso en alto la dignidad y la firmeza de nuestros compatriotas en el Gol\u00e1n \u00c1rabe sirio ocupado.<\/p>\n<p>En una fecha como hoy hace 30 a\u00f1o, los golaneses manifestaron con toda valent\u00eda y coraje su rechazo a la injusta e ilegal resoluci\u00f3n israel\u00ed de anexionarse el Gol\u00e1n, y realizaron una huelga general para hacer frente a los intentos de imponerles a la fuerza la falsa nacionalidad israel\u00ed, reafirmando su aferro a su nacionalidad siria y a sus tierras.<\/p>\n<p>Un documento emitido por las autoridades de la ocupaci\u00f3n el 14 de febrero del a\u00f1o 1982, que incluy\u00f3 las resoluciones del Keneset de anexionarse el Gol\u00e1n sirio, origin\u00f3 una ira general y un rechazo categ\u00f3rico de los hijos del Gol\u00e1n ocupado a estas medidas, y anunciaron una huelga general y abierta en todos los \u00e1mbitos y los lugares.<\/p>\n<p>La huelga que protagonizaron nuestros ciudadanos golaneses dur\u00f3 m\u00e1s de cinco meses, transmitiendo un mensaje indiscutible y claro dirigido a la ocupaci\u00f3n y el mundo entero de que se mantendr\u00e1n aferrados a sus territorios y a su identidad \u00e1rabe siria.<\/p>\n<p>El rechazo de los ciudadanos del Gol\u00e1n y de Siria a las medidas israel\u00edes, fue corroborado por una resoluci\u00f3n del Consejo de Seguridad Internacional para rebatir la decisi\u00f3n israel\u00ed y considerarla nula y sin efecto legal a nivel internacional seg\u00fan la Carta de las Naciones Unidas.<\/p>\n<p>La resoluci\u00f3n del Consejo de Seguridad Internacional sigue vigente hasta el momento, mientras tanto Israel se muestra cada vez m\u00e1s renuente y rechaza retirarse de los territorios sirios.<\/p>\n<p>La huelga logr\u00f3 impedir que se imponga la identidad israel\u00ed sobre los hijos del Gol\u00e1n, y por consiguiente impidi\u00f3 el reclutamiento obligatorio de los j\u00f3venes del Gol\u00e1n en el ej\u00e9rcito de la ocupaci\u00f3n, al igual que logr\u00f3, en su momento, que fuesen liberados los prisioneros, y oblig\u00f3 a los israel\u00edes a abandonar sus t\u00e1cticas agravias que acostumbran ejercer contra nuestros hijos en el Gol\u00e1n.<\/p>\n<p>Nuestros golaneses lograron el \u00e9xito y la victoria a pesar del padecimiento al que fueron sometidos durante la larga huelga, donde los israel\u00edes les restringieron los alimentos y las medicinas, y las condiciones de vida llegaron a un deplorable nivel sin precedentes en todos los poblados y aldeas del Gol\u00e1n ocupado, m\u00e1s los hijos del Gol\u00e1n escribieron una \u00e9pica de hero\u00edsmo y resistencia que sigue hasta nuestros d\u00edas, una lucha que nunca se ha separado de la lucha que libra la patria madre Siria por la libertad y el retorno de su querido Gol\u00e1n a sus regazos.<\/p>\n<p>Este a\u00f1o, los golaneses conmemoran su heroica huelga teniendo m\u00e1s confianza en la capacidad de las Fuerzas Armadas para lograr la victoria sobre los grupos terroristas armados que han empezado a colapsarse en Deraa y Quneitra.<\/p>\n<p>Fady M., Lynn A.<\/p>\n","protected":false},"excerpt":{"rendered":"<p>Damasco, SANA Han pasado 30 a\u00f1os desde aquella Intifada que puso en alto la dignidad y la firmeza de nuestros compatriotas en el Gol\u00e1n \u00c1rabe sirio ocupado. En una fecha como hoy hace 30 a\u00f1o, los golaneses manifestaron con toda valent\u00eda y coraje su rechazo a la injusta e ilegal resoluci\u00f3n israel\u00ed de anexionarse el &hellip;<\/p>\n","protected":false},"author":24,"featured_media":17917,"comment_status":"closed","ping_status":"closed","sticky":false,"template":"","format":"standard","meta":{"footnotes":""},"categories":[477,597,476],"tags":[4071],"class_list":["post-17916","post","type-post","status-publish","format-standard","has-post-thumbnail","","category-noticias-edulcorantes","category-cinta-de-noticias","category-locales","tag-los-golaneses-conmemoran-el-30-aniversario-de-su-huelga-en-rechazo-a-la-imposicion-de-la-identidad-sionista"],"_links":{"self":[{"href":"https:\/\/archive.sana.sy\/es\/index.php?rest_route=\/wp\/v2\/posts\/17916"}],"collection":[{"href":"https:\/\/archive.sana.sy\/es\/index.php?rest_route=\/wp\/v2\/posts"}],"about":[{"href":"https:\/\/archive.sana.sy\/es\/index.php?rest_route=\/wp\/v2\/types\/post"}],"author":[{"embeddable":true,"href":"https:\/\/archive.sana.sy\/es\/index.php?rest_route=\/wp\/v2\/users\/24"}],"replies":[{"embeddable":true,"href":"https:\/\/archive.sana.sy\/es\/index.php?rest_route=%2Fwp%2Fv2%2Fcomments&post=17916"}],"version-history":[{"count":0,"href":"https:\/\/archive.sana.sy\/es\/index.php?rest_route=\/wp\/v2\/posts\/17916\/revisions"}],"wp:featuredmedia":[{"embeddable":true,"href":"https:\/\/archive.sana.sy\/es\/index.php?rest_route=\/wp\/v2\/media\/17917"}],"wp:attachment":[{"href":"https:\/\/archive.sana.sy\/es\/index.php?rest_route=%2Fwp%2Fv2%2Fmedia&parent=17916"}],"wp:term":[{"taxonomy":"category","embeddable":true,"href":"https:\/\/archive.sana.sy\/es\/index.php?rest_route=%2Fwp%2Fv2%2Fcategories&post=17916"},{"taxonomy":"post_tag","embeddable":true,"href":"https:\/\/archive.sana.sy\/es\/index.php?rest_route=%2Fwp%2Fv2%2Ftags&post=17916"}],"curies":[{"name":"wp","href":"https:\/\/api.w.org\/{rel}","templated":true}]}}