{"id":179169,"date":"2021-05-12T06:09:10","date_gmt":"2021-05-12T03:09:10","guid":{"rendered":"http:\/\/107.6.182.27\/es\/?p=179169"},"modified":"2023-01-12T14:41:22","modified_gmt":"2023-01-12T12:41:22","slug":"130-cohetes-disparados-por-la-resistencia-palestina-contra-tel-aviv","status":"publish","type":"post","link":"https:\/\/archive.sana.sy\/es\/?p=179169","title":{"rendered":"130 cohetes disparados por la resistencia palestina contra \u201cTel Aviv\u201d"},"content":{"rendered":"<p style=\"text-align: justify;\"><span style=\"color: #800000;\"><strong>Jerusal\u00e9n ocupada, SANA<\/strong><\/span><\/p>\n<p style=\"text-align: justify;\">La resistencia palestina atac\u00f3 con cohetes decenas de a \u201cTel Aviv\u201d y sus alrededores en respuesta a la continua agresi\u00f3n del ocupante israel\u00ed contra la Franja de Gaza sitiada.<\/p>\n<p style=\"text-align: justify;\">Seg\u00fan difundieron medios palestinos, la resistencia lanz\u00f3 130 cohetes desde la Franja de Gaza contra &#8220;Tel Aviv&#8221; y sus alrededores.<\/p>\n<p style=\"text-align: justify;\">Los medios israel\u00edes informaron que dos colonos murieron y varios resultaron heridos debido a la ca\u00edda de esos cohetes.<\/p>\n<p style=\"text-align: justify;\"><span style=\"color: #0000ff;\"><strong>fm<\/strong><\/span><\/p>\n","protected":false},"excerpt":{"rendered":"<p>Jerusal\u00e9n ocupada, SANA La resistencia palestina atac\u00f3 con cohetes decenas de a \u201cTel Aviv\u201d y sus alrededores en respuesta a la continua agresi\u00f3n del ocupante israel\u00ed contra la Franja de Gaza sitiada. Seg\u00fan difundieron medios palestinos, la resistencia lanz\u00f3 130 cohetes desde la Franja de Gaza contra &#8220;Tel Aviv&#8221; y sus alrededores. Los medios israel\u00edes &hellip;<\/p>\n","protected":false},"author":34,"featured_media":179170,"comment_status":"closed","ping_status":"closed","sticky":false,"template":"","format":"standard","meta":{"footnotes":""},"categories":[597,456,7541],"tags":[],"class_list":["post-179169","post","type-post","status-publish","format-standard","has-post-thumbnail","","category-cinta-de-noticias","category-arabe-internacional-politica","category-ultimas-noticias"],"_links":{"self":[{"href":"https:\/\/archive.sana.sy\/es\/index.php?rest_route=\/wp\/v2\/posts\/179169"}],"collection":[{"href":"https:\/\/archive.sana.sy\/es\/index.php?rest_route=\/wp\/v2\/posts"}],"about":[{"href":"https:\/\/archive.sana.sy\/es\/index.php?rest_route=\/wp\/v2\/types\/post"}],"author":[{"embeddable":true,"href":"https:\/\/archive.sana.sy\/es\/index.php?rest_route=\/wp\/v2\/users\/34"}],"replies":[{"embeddable":true,"href":"https:\/\/archive.sana.sy\/es\/index.php?rest_route=%2Fwp%2Fv2%2Fcomments&post=179169"}],"version-history":[{"count":0,"href":"https:\/\/archive.sana.sy\/es\/index.php?rest_route=\/wp\/v2\/posts\/179169\/revisions"}],"wp:featuredmedia":[{"embeddable":true,"href":"https:\/\/archive.sana.sy\/es\/index.php?rest_route=\/wp\/v2\/media\/179170"}],"wp:attachment":[{"href":"https:\/\/archive.sana.sy\/es\/index.php?rest_route=%2Fwp%2Fv2%2Fmedia&parent=179169"}],"wp:term":[{"taxonomy":"category","embeddable":true,"href":"https:\/\/archive.sana.sy\/es\/index.php?rest_route=%2Fwp%2Fv2%2Fcategories&post=179169"},{"taxonomy":"post_tag","embeddable":true,"href":"https:\/\/archive.sana.sy\/es\/index.php?rest_route=%2Fwp%2Fv2%2Ftags&post=179169"}],"curies":[{"name":"wp","href":"https:\/\/api.w.org\/{rel}","templated":true}]}}