{"id":179172,"date":"2021-05-12T06:19:01","date_gmt":"2021-05-12T03:19:01","guid":{"rendered":"http:\/\/107.6.182.27\/es\/?p=179172"},"modified":"2021-05-12T06:19:01","modified_gmt":"2021-05-12T03:19:01","slug":"asciende-a-32-la-cifra-de-martires-palestinos-caidos-por-la-continua-agresion-genocida-de-israel","status":"publish","type":"post","link":"https:\/\/archive.sana.sy\/es\/?p=179172","title":{"rendered":"Asciende a 32 la cifra de m\u00e1rtires palestinos ca\u00eddos por la continua \u00a0agresi\u00f3n genocida de Israel"},"content":{"rendered":"<p><span style=\"color: #800000;\"><strong>Jerusal\u00e9n ocupada, SANA<\/strong><\/span><\/p>\n<p>Tres palestinos murieron y otros resultaron heridos en una nueva \u00a0agresi\u00f3n de las fuerzas de ocupaci\u00f3n israel\u00edes contra la Franja de Gaza.<\/p>\n<p>Medios palestinos informaron el ocupante bombarde\u00f3 con misiles \u00a0la ciudad de Deir Al-Balah en el centro de la Franja de Gaza y el vecindario de Al-Shejaiya en el este, lo que caus\u00f3 la muerte de tres palestinos mientras otros fueron lesionados.<\/p>\n<p>Asimismo, un palestino perdi\u00f3 la vida muri\u00f3 y otro result\u00f3 herido por balas de las fuerzas de ocupaci\u00f3n israel\u00edes al sur de Naplusa en Cisjordania.<\/p>\n<p>La cifra de m\u00e1rtires palestinos ca\u00eddos por las acciones de Israel en los \u00faltimos d\u00edas ascendi\u00f3 a 32, entre ellos 10 ni\u00f1os, mientras cientos resultaron heridos.<\/p>\n<p><span style=\"color: #0000ff;\"><strong>fm<\/strong><\/span><\/p>\n","protected":false},"excerpt":{"rendered":"<p>Jerusal\u00e9n ocupada, SANA Tres palestinos murieron y otros resultaron heridos en una nueva \u00a0agresi\u00f3n de las fuerzas de ocupaci\u00f3n israel\u00edes contra la Franja de Gaza. Medios palestinos informaron el ocupante bombarde\u00f3 con misiles \u00a0la ciudad de Deir Al-Balah en el centro de la Franja de Gaza y el vecindario de Al-Shejaiya en el este, lo &hellip;<\/p>\n","protected":false},"author":34,"featured_media":179173,"comment_status":"closed","ping_status":"closed","sticky":false,"template":"","format":"standard","meta":{"footnotes":""},"categories":[597,456,583],"tags":[],"class_list":["post-179172","post","type-post","status-publish","format-standard","has-post-thumbnail","","category-cinta-de-noticias","category-arabe-internacional-politica","category-slide"],"_links":{"self":[{"href":"https:\/\/archive.sana.sy\/es\/index.php?rest_route=\/wp\/v2\/posts\/179172"}],"collection":[{"href":"https:\/\/archive.sana.sy\/es\/index.php?rest_route=\/wp\/v2\/posts"}],"about":[{"href":"https:\/\/archive.sana.sy\/es\/index.php?rest_route=\/wp\/v2\/types\/post"}],"author":[{"embeddable":true,"href":"https:\/\/archive.sana.sy\/es\/index.php?rest_route=\/wp\/v2\/users\/34"}],"replies":[{"embeddable":true,"href":"https:\/\/archive.sana.sy\/es\/index.php?rest_route=%2Fwp%2Fv2%2Fcomments&post=179172"}],"version-history":[{"count":0,"href":"https:\/\/archive.sana.sy\/es\/index.php?rest_route=\/wp\/v2\/posts\/179172\/revisions"}],"wp:featuredmedia":[{"embeddable":true,"href":"https:\/\/archive.sana.sy\/es\/index.php?rest_route=\/wp\/v2\/media\/179173"}],"wp:attachment":[{"href":"https:\/\/archive.sana.sy\/es\/index.php?rest_route=%2Fwp%2Fv2%2Fmedia&parent=179172"}],"wp:term":[{"taxonomy":"category","embeddable":true,"href":"https:\/\/archive.sana.sy\/es\/index.php?rest_route=%2Fwp%2Fv2%2Fcategories&post=179172"},{"taxonomy":"post_tag","embeddable":true,"href":"https:\/\/archive.sana.sy\/es\/index.php?rest_route=%2Fwp%2Fv2%2Ftags&post=179172"}],"curies":[{"name":"wp","href":"https:\/\/api.w.org\/{rel}","templated":true}]}}