{"id":179180,"date":"2021-05-12T08:22:01","date_gmt":"2021-05-12T05:22:01","guid":{"rendered":"http:\/\/107.6.182.27\/es\/?p=179180"},"modified":"2023-01-10T15:33:34","modified_gmt":"2023-01-10T13:33:34","slug":"titulares-de-la-agencia-sana-12-de-mayo-de-2021","status":"publish","type":"post","link":"https:\/\/archive.sana.sy\/es\/?p=179180","title":{"rendered":"Titulares de la agencia SANA, 12 de mayo de 2021"},"content":{"rendered":"<p><span style=\"color: #800000;\"><strong>Damasco , SANA\u00a0<\/strong><\/span><\/p>\n<p>????Siria e Irak abordan esfuerzos para hacer cara a las medidas del r\u00e9gimen turco en \u00c9ufrates y Tigris.<\/p>\n<p>????Medidas coercitivas impuestas a Siria obstaculizan desarrollo del sector industrial, asevera ministro Sabbagh.<\/p>\n<p>????El jueves 13 de mayo, es el primer d\u00eda de Eid Al-Fiter en Siria.<\/p>\n<p>????Convoy estadounidense de camiones cargados de granos y petr\u00f3leo sale del territorio sirio.<\/p>\n<p>????Siria gana medalla de bronce en Olimpiadas de Qu\u00edmica Mendeleyev 2021.<\/p>\n<p>????Da\u00f1os materiales por bombardeo del ocupante turco contra Afrin, provincia de Alepo.<\/p>\n<p>????Milicia separatista FDS secuestr\u00f3 a nueve civiles en Shuhail, provincia de Deir Ezzor.<\/p>\n<p>????Convoy militar turco atropella una ni\u00f1a siria al este de Idlib.<\/p>\n<p>????Tres tribus sirias llaman a la resistencia popular para expulsar a Estados Unidos y Turqu\u00eda.<\/p>\n<p>????Cifra de recuperados de la Covid-19 en la \u00faltima jornada \u00a0es cinco veces mayor que la de nuevos casos.<\/p>\n<p>????Gabinete insta continuar con esfuerzos para suministrar vacuna anti Covid-19 a todos los ciudadanos.<\/p>\n<p>????Mercados de Homs y Hama antes del fin del Ramad\u00e1n.<\/p>\n<p>????Preparativos en ciudad de Alepo para recibir Eid al Fitr, fiesta musulmana del fin del ayuno.<\/p>\n<p>????Recorrido en los mercados de Damasco antes de Eid al Fitr.<\/p>\n<p>????En fotos: Bomberos extinguen un incendio en unidad de destilaci\u00f3n en la refiner\u00eda de Homs.<\/p>\n<p>????Resistencia palestina bombardea colonias israel\u00edes en Ashkelon.<\/p>\n<p>????En fotos\u2026El impacto de los misiles de la Resistencia palestina en\u00a0 Tel Aviv en respuesta a la agresi\u00f3n israel\u00ed..<\/p>\n<p>????En fotos\u2026 La resistencia palestina lanz\u00f3 cohetes contra Tel Aviv en respuesta a la continua agresi\u00f3n israel\u00ed contra la Franja de Gaza.<\/p>\n<p>????27 m\u00e1rtires palestinos, incluidos 9 ni\u00f1os, en la criminal agresi\u00f3n israel\u00ed contra Gaza.<\/p>\n<p>????Resistencia palestina reanuda ataques con cohetes contra colonias sionistas.<\/p>\n<p>????AI llama a responsabilizar a la entidad de ocupaci\u00f3n israel\u00ed por el uso de fuerza arbitraria y brutal.<\/p>\n<p>????Fuerzas de ocupaci\u00f3n israel\u00edes matan a tiros a un joven palestino.<\/p>\n<p>????130 cohetes disparados por la resistencia palestina contra \u201cTel Aviv\u201d.<\/p>\n<p>????Asciende a 32 la cifra de m\u00e1rtires palestinos ca\u00eddos por la continua \u00a0agresi\u00f3n genocida de Israel.<\/p>\n<p>????Aoun llama a detener agresi\u00f3n israel\u00ed contra el pueblo palestino.<\/p>\n<p>????El poder de China y Rusia es capaz de neutralizar los intentos hegem\u00f3nicos de EEUU.<\/p>\n","protected":false},"excerpt":{"rendered":"<p>Damasco , SANA\u00a0 ????Siria e Irak abordan esfuerzos para hacer cara a las medidas del r\u00e9gimen turco en \u00c9ufrates y Tigris. ????Medidas coercitivas impuestas a Siria obstaculizan desarrollo del sector industrial, asevera ministro Sabbagh. ????El jueves 13 de mayo, es el primer d\u00eda de Eid Al-Fiter en Siria. ????Convoy estadounidense de camiones cargados de granos &hellip;<\/p>\n","protected":false},"author":35,"featured_media":179181,"comment_status":"closed","ping_status":"closed","sticky":false,"template":"","format":"standard","meta":{"footnotes":""},"categories":[447,555,597,476,7541],"tags":[],"class_list":["post-179180","post","type-post","status-publish","format-standard","has-post-thumbnail","","category-local-politica","category-prensa","category-cinta-de-noticias","category-locales","category-ultimas-noticias"],"_links":{"self":[{"href":"https:\/\/archive.sana.sy\/es\/index.php?rest_route=\/wp\/v2\/posts\/179180"}],"collection":[{"href":"https:\/\/archive.sana.sy\/es\/index.php?rest_route=\/wp\/v2\/posts"}],"about":[{"href":"https:\/\/archive.sana.sy\/es\/index.php?rest_route=\/wp\/v2\/types\/post"}],"author":[{"embeddable":true,"href":"https:\/\/archive.sana.sy\/es\/index.php?rest_route=\/wp\/v2\/users\/35"}],"replies":[{"embeddable":true,"href":"https:\/\/archive.sana.sy\/es\/index.php?rest_route=%2Fwp%2Fv2%2Fcomments&post=179180"}],"version-history":[{"count":0,"href":"https:\/\/archive.sana.sy\/es\/index.php?rest_route=\/wp\/v2\/posts\/179180\/revisions"}],"wp:featuredmedia":[{"embeddable":true,"href":"https:\/\/archive.sana.sy\/es\/index.php?rest_route=\/wp\/v2\/media\/179181"}],"wp:attachment":[{"href":"https:\/\/archive.sana.sy\/es\/index.php?rest_route=%2Fwp%2Fv2%2Fmedia&parent=179180"}],"wp:term":[{"taxonomy":"category","embeddable":true,"href":"https:\/\/archive.sana.sy\/es\/index.php?rest_route=%2Fwp%2Fv2%2Fcategories&post=179180"},{"taxonomy":"post_tag","embeddable":true,"href":"https:\/\/archive.sana.sy\/es\/index.php?rest_route=%2Fwp%2Fv2%2Ftags&post=179180"}],"curies":[{"name":"wp","href":"https:\/\/api.w.org\/{rel}","templated":true}]}}