{"id":179189,"date":"2021-05-12T10:49:32","date_gmt":"2021-05-12T07:49:32","guid":{"rendered":"http:\/\/107.6.182.27\/es\/?p=179189"},"modified":"2023-01-12T14:41:22","modified_gmt":"2023-01-12T12:41:22","slug":"nueva-jornada-de-bombardeos-criminales-israelies-contra-gaza-y-la-cifra-de-martires-palestinos-asciende-a-38","status":"publish","type":"post","link":"https:\/\/archive.sana.sy\/es\/?p=179189","title":{"rendered":"Nueva jornada de bombardeos criminales israel\u00edes contra Gaza y la cifra de m\u00e1rtires palestinos asciende a 38"},"content":{"rendered":"<p style=\"text-align: justify;\"><span style=\"color: #800000;\"><strong>Jerusal\u00e9n ocupada, SANA<\/strong><\/span><\/p>\n<p style=\"text-align: justify;\">Las incursiones a\u00e9reas israel\u00edes contra la Franja de Gaza continuaron hoy donde aviones de combate del ocupante lanzaron nueva agresi\u00f3n contra distintas regiones en el Sector.<\/p>\n<p style=\"text-align: justify;\">Las fuerzas sionistas atacaron con decenas de cohetes la regi\u00f3n de Jan Yunis, en el sur de la Franja lo que provoc\u00f3 colosales da\u00f1os a las viviendas y propiedades de los palestinos, divulg\u00f3 la agencia de noticias Ma&#8217;an.<\/p>\n<p style=\"text-align: justify;\">Otros medios palestinos informaron que tres palestinos de una misma familia murieron y otros tres resultaron heridos por bombardeos sionistas a un barrio residencial en el sur Gaza.<\/p>\n<p style=\"text-align: justify;\">Otro ataque caus\u00f3 la muerte de tres palestinos en el norte de la Franja.<\/p>\n<p style=\"text-align: justify;\">El n\u00famero de m\u00e1rtires por los intensos bombardeos de aviones israel\u00edes contra Franja de Gaza y otras ciudades palestinas, ascendi\u00f3 a 38, entre ellos una mujer y 10 ni\u00f1os.<\/p>\n<p style=\"text-align: justify;\"><strong><span style=\"color: #0000ff;\">ws\/fm<\/span><\/strong><\/p>\n","protected":false},"excerpt":{"rendered":"<p>Jerusal\u00e9n ocupada, SANA Las incursiones a\u00e9reas israel\u00edes contra la Franja de Gaza continuaron hoy donde aviones de combate del ocupante lanzaron nueva agresi\u00f3n contra distintas regiones en el Sector. Las fuerzas sionistas atacaron con decenas de cohetes la regi\u00f3n de Jan Yunis, en el sur de la Franja lo que provoc\u00f3 colosales da\u00f1os a las &hellip;<\/p>\n","protected":false},"author":35,"featured_media":179190,"comment_status":"closed","ping_status":"closed","sticky":false,"template":"","format":"standard","meta":{"footnotes":""},"categories":[597,456,457,583],"tags":[],"class_list":["post-179189","post","type-post","status-publish","format-standard","has-post-thumbnail","","category-cinta-de-noticias","category-arabe-internacional-politica","category-noticias-arabe-internacional-politica","category-slide"],"_links":{"self":[{"href":"https:\/\/archive.sana.sy\/es\/index.php?rest_route=\/wp\/v2\/posts\/179189"}],"collection":[{"href":"https:\/\/archive.sana.sy\/es\/index.php?rest_route=\/wp\/v2\/posts"}],"about":[{"href":"https:\/\/archive.sana.sy\/es\/index.php?rest_route=\/wp\/v2\/types\/post"}],"author":[{"embeddable":true,"href":"https:\/\/archive.sana.sy\/es\/index.php?rest_route=\/wp\/v2\/users\/35"}],"replies":[{"embeddable":true,"href":"https:\/\/archive.sana.sy\/es\/index.php?rest_route=%2Fwp%2Fv2%2Fcomments&post=179189"}],"version-history":[{"count":0,"href":"https:\/\/archive.sana.sy\/es\/index.php?rest_route=\/wp\/v2\/posts\/179189\/revisions"}],"wp:featuredmedia":[{"embeddable":true,"href":"https:\/\/archive.sana.sy\/es\/index.php?rest_route=\/wp\/v2\/media\/179190"}],"wp:attachment":[{"href":"https:\/\/archive.sana.sy\/es\/index.php?rest_route=%2Fwp%2Fv2%2Fmedia&parent=179189"}],"wp:term":[{"taxonomy":"category","embeddable":true,"href":"https:\/\/archive.sana.sy\/es\/index.php?rest_route=%2Fwp%2Fv2%2Fcategories&post=179189"},{"taxonomy":"post_tag","embeddable":true,"href":"https:\/\/archive.sana.sy\/es\/index.php?rest_route=%2Fwp%2Fv2%2Ftags&post=179189"}],"curies":[{"name":"wp","href":"https:\/\/api.w.org\/{rel}","templated":true}]}}