{"id":179296,"date":"2021-05-13T07:56:00","date_gmt":"2021-05-13T04:56:00","guid":{"rendered":"http:\/\/107.6.182.27\/es\/?p=179296"},"modified":"2023-01-10T14:28:52","modified_gmt":"2023-01-10T12:28:52","slug":"presidente-al-assad-efectua-el-rezo-de-eid-al-fitr-en-la-gran-mezquita-omeya-en-damasco","status":"publish","type":"post","link":"https:\/\/archive.sana.sy\/es\/?p=179296","title":{"rendered":"Presidente al-Assad asiste el rezo de Eid Al-Fitr en la Gran Mezquita Omeya (+ fotos)"},"content":{"rendered":"<p style=\"text-align: justify;\"><span style=\"color: #800000;\"><strong>Damasco, SANA<\/strong><\/span><\/p>\n<p style=\"text-align: justify;\">El presidente Bashar Al-Assad, efectu\u00f3 el rezo de Eid Al-Fitr (fiesta del fin de Ramad\u00e1n, mes musulm\u00e1n del ayuno) en la Gran Mezquita Omeya en la capital Damasco.<\/p>\n<p style=\"text-align: justify;\">Rezaron junto al presidente, el ministro de Asuntos Religiosos, el Gran Mufti de la Rep\u00fablica, altos funcionarios del Estado y el Partido, varios diputados, eruditos y ulemas isl\u00e1micos y una multitud de ciudadanos.<\/p>\n<p style=\"text-align: justify;\">Dirigi\u00f3 el rezo el Sheikh Husam al-Din Farfour, Supervisor General del Complejo Isl\u00e1mico de Al-Fateh en Damasco, quien resalt\u00f3 los sublimes significados de Eid al-Fitr como la solidaridad, compasi\u00f3n, cohesi\u00f3n y tolerancia.<\/p>\n<p style=\"text-align: justify;\">\u201cEsta fiesta coincide con una escalada de los cr\u00edmenes sionistas contra el pueblo de Palestina, y las acciones sionistas contra nuestro pueblo en la amada Palestina con una continuaci\u00f3n del nazismo y el fascismo criminal\u201d, afirm\u00f3 el im\u00e1n en su serm\u00f3n.<\/p>\n<p style=\"text-align: justify;\">Salud\u00f3 al resuelto y heroico pueblo de Palestina frente a la ocupaci\u00f3n.<\/p>\n<p style=\"text-align: justify;\">Asimismo, explic\u00f3 que Siria es la cuna de la civilizaci\u00f3n, y de ella salieron el Islam y el Cristianismo, y dio al mundo la civilizaci\u00f3n y la humanidad.<\/p>\n<p style=\"text-align: justify;\">\u201cNuestra democracia proviene de nuestra tierra, religi\u00f3n, arabismo y Siria, y no es como las democracias occidentales basadas en la pirater\u00eda, la sangre y el robo\u201d, afirm\u00f3 el Im\u00e1n .<\/p>\n<p style=\"text-align: justify;\"><span style=\"color: #0000ff;\"><strong>fm<\/strong><\/span><\/p>\n<div id='gallery-1' class='gallery galleryid-179296 gallery-columns-1 gallery-size-full'><figure class='gallery-item'>\n\t\t\t<div class='gallery-icon landscape'>\n\t\t\t\t<a href='https:\/\/archive.sana.sy\/es\/wp-content\/uploads\/2021\/05\/photo_2021-05-13_09-54-12-2.jpg'><img loading=\"lazy\" decoding=\"async\" width=\"1280\" height=\"853\" src=\"https:\/\/archive.sana.sy\/es\/wp-content\/uploads\/2021\/05\/photo_2021-05-13_09-54-12-2.jpg\" class=\"attachment-full size-full\" alt=\"\" srcset=\"https:\/\/archive.sana.sy\/es\/wp-content\/uploads\/2021\/05\/photo_2021-05-13_09-54-12-2.jpg 1280w, https:\/\/archive.sana.sy\/es\/wp-content\/uploads\/2021\/05\/photo_2021-05-13_09-54-12-2-300x200.jpg 300w, https:\/\/archive.sana.sy\/es\/wp-content\/uploads\/2021\/05\/photo_2021-05-13_09-54-12-2-1024x682.jpg 1024w, https:\/\/archive.sana.sy\/es\/wp-content\/uploads\/2021\/05\/photo_2021-05-13_09-54-12-2-150x100.jpg 150w, https:\/\/archive.sana.sy\/es\/wp-content\/uploads\/2021\/05\/photo_2021-05-13_09-54-12-2-768x512.jpg 768w\" sizes=\"(max-width: 1280px) 100vw, 1280px\" \/><\/a>\n\t\t\t<\/div><\/figure><figure class='gallery-item'>\n\t\t\t<div class='gallery-icon landscape'>\n\t\t\t\t<a href='https:\/\/archive.sana.sy\/es\/wp-content\/uploads\/2021\/05\/photo_2021-05-13_08-49-02.jpg'><img loading=\"lazy\" decoding=\"async\" width=\"1280\" height=\"715\" src=\"https:\/\/archive.sana.sy\/es\/wp-content\/uploads\/2021\/05\/photo_2021-05-13_08-49-02.jpg\" class=\"attachment-full size-full\" alt=\"\" srcset=\"https:\/\/archive.sana.sy\/es\/wp-content\/uploads\/2021\/05\/photo_2021-05-13_08-49-02.jpg 1280w, https:\/\/archive.sana.sy\/es\/wp-content\/uploads\/2021\/05\/photo_2021-05-13_08-49-02-300x168.jpg 300w, https:\/\/archive.sana.sy\/es\/wp-content\/uploads\/2021\/05\/photo_2021-05-13_08-49-02-1024x572.jpg 1024w, https:\/\/archive.sana.sy\/es\/wp-content\/uploads\/2021\/05\/photo_2021-05-13_08-49-02-150x84.jpg 150w, https:\/\/archive.sana.sy\/es\/wp-content\/uploads\/2021\/05\/photo_2021-05-13_08-49-02-768x429.jpg 768w\" sizes=\"(max-width: 1280px) 100vw, 1280px\" \/><\/a>\n\t\t\t<\/div><\/figure><figure class='gallery-item'>\n\t\t\t<div class='gallery-icon landscape'>\n\t\t\t\t<a href='https:\/\/archive.sana.sy\/es\/wp-content\/uploads\/2021\/05\/photo_2021-05-13_09-54-11-2.jpg'><img loading=\"lazy\" decoding=\"async\" width=\"1280\" height=\"853\" src=\"https:\/\/archive.sana.sy\/es\/wp-content\/uploads\/2021\/05\/photo_2021-05-13_09-54-11-2.jpg\" class=\"attachment-full size-full\" alt=\"\" srcset=\"https:\/\/archive.sana.sy\/es\/wp-content\/uploads\/2021\/05\/photo_2021-05-13_09-54-11-2.jpg 1280w, https:\/\/archive.sana.sy\/es\/wp-content\/uploads\/2021\/05\/photo_2021-05-13_09-54-11-2-300x200.jpg 300w, https:\/\/archive.sana.sy\/es\/wp-content\/uploads\/2021\/05\/photo_2021-05-13_09-54-11-2-1024x682.jpg 1024w, https:\/\/archive.sana.sy\/es\/wp-content\/uploads\/2021\/05\/photo_2021-05-13_09-54-11-2-150x100.jpg 150w, https:\/\/archive.sana.sy\/es\/wp-content\/uploads\/2021\/05\/photo_2021-05-13_09-54-11-2-768x512.jpg 768w\" sizes=\"(max-width: 1280px) 100vw, 1280px\" \/><\/a>\n\t\t\t<\/div><\/figure><figure class='gallery-item'>\n\t\t\t<div class='gallery-icon portrait'>\n\t\t\t\t<a href='https:\/\/archive.sana.sy\/es\/wp-content\/uploads\/2021\/05\/photo_2021-05-13_09-54-12.jpg'><img loading=\"lazy\" decoding=\"async\" width=\"1245\" height=\"1280\" src=\"https:\/\/archive.sana.sy\/es\/wp-content\/uploads\/2021\/05\/photo_2021-05-13_09-54-12.jpg\" class=\"attachment-full size-full\" alt=\"\" srcset=\"https:\/\/archive.sana.sy\/es\/wp-content\/uploads\/2021\/05\/photo_2021-05-13_09-54-12.jpg 1245w, https:\/\/archive.sana.sy\/es\/wp-content\/uploads\/2021\/05\/photo_2021-05-13_09-54-12-292x300.jpg 292w, https:\/\/archive.sana.sy\/es\/wp-content\/uploads\/2021\/05\/photo_2021-05-13_09-54-12-996x1024.jpg 996w, https:\/\/archive.sana.sy\/es\/wp-content\/uploads\/2021\/05\/photo_2021-05-13_09-54-12-146x150.jpg 146w, https:\/\/archive.sana.sy\/es\/wp-content\/uploads\/2021\/05\/photo_2021-05-13_09-54-12-768x790.jpg 768w\" sizes=\"(max-width: 1245px) 100vw, 1245px\" \/><\/a>\n\t\t\t<\/div><\/figure><figure class='gallery-item'>\n\t\t\t<div class='gallery-icon landscape'>\n\t\t\t\t<a href='https:\/\/archive.sana.sy\/es\/wp-content\/uploads\/2021\/05\/photo_2021-05-13_08-49-05.jpg'><img loading=\"lazy\" decoding=\"async\" width=\"1280\" height=\"853\" src=\"https:\/\/archive.sana.sy\/es\/wp-content\/uploads\/2021\/05\/photo_2021-05-13_08-49-05.jpg\" class=\"attachment-full size-full\" alt=\"\" srcset=\"https:\/\/archive.sana.sy\/es\/wp-content\/uploads\/2021\/05\/photo_2021-05-13_08-49-05.jpg 1280w, https:\/\/archive.sana.sy\/es\/wp-content\/uploads\/2021\/05\/photo_2021-05-13_08-49-05-300x200.jpg 300w, https:\/\/archive.sana.sy\/es\/wp-content\/uploads\/2021\/05\/photo_2021-05-13_08-49-05-1024x682.jpg 1024w, https:\/\/archive.sana.sy\/es\/wp-content\/uploads\/2021\/05\/photo_2021-05-13_08-49-05-150x100.jpg 150w, https:\/\/archive.sana.sy\/es\/wp-content\/uploads\/2021\/05\/photo_2021-05-13_08-49-05-768x512.jpg 768w\" sizes=\"(max-width: 1280px) 100vw, 1280px\" \/><\/a>\n\t\t\t<\/div><\/figure><figure class='gallery-item'>\n\t\t\t<div class='gallery-icon portrait'>\n\t\t\t\t<a href='https:\/\/archive.sana.sy\/es\/wp-content\/uploads\/2021\/05\/photo_2021-05-13_08-49-06.jpg'><img loading=\"lazy\" decoding=\"async\" width=\"853\" height=\"1280\" src=\"https:\/\/archive.sana.sy\/es\/wp-content\/uploads\/2021\/05\/photo_2021-05-13_08-49-06.jpg\" class=\"attachment-full size-full\" alt=\"\" srcset=\"https:\/\/archive.sana.sy\/es\/wp-content\/uploads\/2021\/05\/photo_2021-05-13_08-49-06.jpg 853w, https:\/\/archive.sana.sy\/es\/wp-content\/uploads\/2021\/05\/photo_2021-05-13_08-49-06-200x300.jpg 200w, https:\/\/archive.sana.sy\/es\/wp-content\/uploads\/2021\/05\/photo_2021-05-13_08-49-06-682x1024.jpg 682w, https:\/\/archive.sana.sy\/es\/wp-content\/uploads\/2021\/05\/photo_2021-05-13_08-49-06-100x150.jpg 100w, https:\/\/archive.sana.sy\/es\/wp-content\/uploads\/2021\/05\/photo_2021-05-13_08-49-06-768x1152.jpg 768w\" sizes=\"(max-width: 853px) 100vw, 853px\" \/><\/a>\n\t\t\t<\/div><\/figure><figure class='gallery-item'>\n\t\t\t<div class='gallery-icon landscape'>\n\t\t\t\t<a href='https:\/\/archive.sana.sy\/es\/wp-content\/uploads\/2021\/05\/photo_2021-05-13_09-54-10.jpg'><img loading=\"lazy\" decoding=\"async\" width=\"1280\" height=\"853\" src=\"https:\/\/archive.sana.sy\/es\/wp-content\/uploads\/2021\/05\/photo_2021-05-13_09-54-10.jpg\" class=\"attachment-full size-full\" alt=\"\" srcset=\"https:\/\/archive.sana.sy\/es\/wp-content\/uploads\/2021\/05\/photo_2021-05-13_09-54-10.jpg 1280w, https:\/\/archive.sana.sy\/es\/wp-content\/uploads\/2021\/05\/photo_2021-05-13_09-54-10-300x200.jpg 300w, https:\/\/archive.sana.sy\/es\/wp-content\/uploads\/2021\/05\/photo_2021-05-13_09-54-10-1024x682.jpg 1024w, https:\/\/archive.sana.sy\/es\/wp-content\/uploads\/2021\/05\/photo_2021-05-13_09-54-10-150x100.jpg 150w, https:\/\/archive.sana.sy\/es\/wp-content\/uploads\/2021\/05\/photo_2021-05-13_09-54-10-768x512.jpg 768w\" sizes=\"(max-width: 1280px) 100vw, 1280px\" \/><\/a>\n\t\t\t<\/div><\/figure>\n\t\t<\/div>\n\n<p style=\"text-align: justify;\">\n","protected":false},"excerpt":{"rendered":"<p>Damasco, SANA El presidente Bashar Al-Assad, efectu\u00f3 el rezo de Eid Al-Fitr (fiesta del fin de Ramad\u00e1n, mes musulm\u00e1n del ayuno) en la Gran Mezquita Omeya en la capital Damasco. Rezaron junto al presidente, el ministro de Asuntos Religiosos, el Gran Mufti de la Rep\u00fablica, altos funcionarios del Estado y el Partido, varios diputados, eruditos &hellip;<\/p>\n","protected":false},"author":34,"featured_media":179314,"comment_status":"closed","ping_status":"closed","sticky":false,"template":"","format":"standard","meta":{"footnotes":""},"categories":[477,447,597,476,457,16237,583],"tags":[],"class_list":["post-179296","post","type-post","status-publish","format-standard","has-post-thumbnail","","category-noticias-edulcorantes","category-local-politica","category-cinta-de-noticias","category-locales","category-noticias-arabe-internacional-politica","category-presidence-de-la-republique-arabe-syria","category-slide"],"_links":{"self":[{"href":"https:\/\/archive.sana.sy\/es\/index.php?rest_route=\/wp\/v2\/posts\/179296"}],"collection":[{"href":"https:\/\/archive.sana.sy\/es\/index.php?rest_route=\/wp\/v2\/posts"}],"about":[{"href":"https:\/\/archive.sana.sy\/es\/index.php?rest_route=\/wp\/v2\/types\/post"}],"author":[{"embeddable":true,"href":"https:\/\/archive.sana.sy\/es\/index.php?rest_route=\/wp\/v2\/users\/34"}],"replies":[{"embeddable":true,"href":"https:\/\/archive.sana.sy\/es\/index.php?rest_route=%2Fwp%2Fv2%2Fcomments&post=179296"}],"version-history":[{"count":0,"href":"https:\/\/archive.sana.sy\/es\/index.php?rest_route=\/wp\/v2\/posts\/179296\/revisions"}],"wp:featuredmedia":[{"embeddable":true,"href":"https:\/\/archive.sana.sy\/es\/index.php?rest_route=\/wp\/v2\/media\/179314"}],"wp:attachment":[{"href":"https:\/\/archive.sana.sy\/es\/index.php?rest_route=%2Fwp%2Fv2%2Fmedia&parent=179296"}],"wp:term":[{"taxonomy":"category","embeddable":true,"href":"https:\/\/archive.sana.sy\/es\/index.php?rest_route=%2Fwp%2Fv2%2Fcategories&post=179296"},{"taxonomy":"post_tag","embeddable":true,"href":"https:\/\/archive.sana.sy\/es\/index.php?rest_route=%2Fwp%2Fv2%2Ftags&post=179296"}],"curies":[{"name":"wp","href":"https:\/\/api.w.org\/{rel}","templated":true}]}}