{"id":179330,"date":"2021-05-13T12:48:58","date_gmt":"2021-05-13T09:48:58","guid":{"rendered":"http:\/\/107.6.182.27\/es\/?p=179330"},"modified":"2021-05-13T12:50:49","modified_gmt":"2021-05-13T09:50:49","slug":"washington-ingresa-55-vehiculos-con-material-logistica-a-hasakeh-siria","status":"publish","type":"post","link":"https:\/\/archive.sana.sy\/es\/?p=179330","title":{"rendered":"Washington ingresa 55 veh\u00edculos con material log\u00edstica a Hasakeh, Siria"},"content":{"rendered":"<p><span style=\"color: #800000;\">Hasakeh, SANA<\/span><\/p>\n<p style=\"text-align: justify;\">Las fuerzas de la ocupaci\u00f3n estadounidenses introdujeron este jueves en la provincia de Hasakeh un convoy de 55 camiones cargado con equipos log\u00edsticos.<\/p>\n<p style=\"text-align: justify;\">Activistas locales informaron a SANA que el convoy entr\u00f3 a trav\u00e9s del cruce fronterizo ilegal de al-Walid y fue acompa\u00f1ado por varios blindados.<\/p>\n<p style=\"text-align: justify;\">\u201cEl convoy se dirigi\u00f3 hacia un base ilegal en la localidad de al-Rmelan en el noreste de Hasakeh, donde el ocupante de EE.UU. conserva maquinaria pesada dentro la misma\u201d, detall\u00f3.<\/p>\n<p><span style=\"color: #0000ff;\">rr\/fm<\/span><\/p>\n","protected":false},"excerpt":{"rendered":"<p>Hasakeh, SANA Las fuerzas de la ocupaci\u00f3n estadounidenses introdujeron este jueves en la provincia de Hasakeh un convoy de 55 camiones cargado con equipos log\u00edsticos. Activistas locales informaron a SANA que el convoy entr\u00f3 a trav\u00e9s del cruce fronterizo ilegal de al-Walid y fue acompa\u00f1ado por varios blindados. \u201cEl convoy se dirigi\u00f3 hacia un base &hellip;<\/p>\n","protected":false},"author":31,"featured_media":179331,"comment_status":"closed","ping_status":"closed","sticky":false,"template":"","format":"standard","meta":{"footnotes":""},"categories":[597,573,7541],"tags":[],"class_list":["post-179330","post","type-post","status-publish","format-standard","has-post-thumbnail","","category-cinta-de-noticias","category-la-realidad-de-los-acontecimientos-en-siria","category-ultimas-noticias"],"_links":{"self":[{"href":"https:\/\/archive.sana.sy\/es\/index.php?rest_route=\/wp\/v2\/posts\/179330"}],"collection":[{"href":"https:\/\/archive.sana.sy\/es\/index.php?rest_route=\/wp\/v2\/posts"}],"about":[{"href":"https:\/\/archive.sana.sy\/es\/index.php?rest_route=\/wp\/v2\/types\/post"}],"author":[{"embeddable":true,"href":"https:\/\/archive.sana.sy\/es\/index.php?rest_route=\/wp\/v2\/users\/31"}],"replies":[{"embeddable":true,"href":"https:\/\/archive.sana.sy\/es\/index.php?rest_route=%2Fwp%2Fv2%2Fcomments&post=179330"}],"version-history":[{"count":0,"href":"https:\/\/archive.sana.sy\/es\/index.php?rest_route=\/wp\/v2\/posts\/179330\/revisions"}],"wp:featuredmedia":[{"embeddable":true,"href":"https:\/\/archive.sana.sy\/es\/index.php?rest_route=\/wp\/v2\/media\/179331"}],"wp:attachment":[{"href":"https:\/\/archive.sana.sy\/es\/index.php?rest_route=%2Fwp%2Fv2%2Fmedia&parent=179330"}],"wp:term":[{"taxonomy":"category","embeddable":true,"href":"https:\/\/archive.sana.sy\/es\/index.php?rest_route=%2Fwp%2Fv2%2Fcategories&post=179330"},{"taxonomy":"post_tag","embeddable":true,"href":"https:\/\/archive.sana.sy\/es\/index.php?rest_route=%2Fwp%2Fv2%2Ftags&post=179330"}],"curies":[{"name":"wp","href":"https:\/\/api.w.org\/{rel}","templated":true}]}}