{"id":179332,"date":"2021-05-13T12:44:17","date_gmt":"2021-05-13T09:44:17","guid":{"rendered":"http:\/\/107.6.182.27\/es\/?p=179332"},"modified":"2023-01-12T14:41:21","modified_gmt":"2023-01-12T12:41:21","slug":"asciende-a-69-el-saldo-de-martires-por-agresion-israeli-contra-gaza","status":"publish","type":"post","link":"https:\/\/archive.sana.sy\/es\/?p=179332","title":{"rendered":"Asciende a 69 el saldo de m\u00e1rtires por agresi\u00f3n israel\u00ed contra Gaza"},"content":{"rendered":"<p><span style=\"color: #800000;\">Jerusal\u00e9n ocupada, SANA<\/span><\/p>\n<p style=\"text-align: justify;\">Un palestino perdi\u00f3 la vida este jueves y otros resultaron heridos por bombardeos de la ocupaci\u00f3n israel\u00ed contra la ciudad de Khan Younes al sur de la Franja de Gaza, inform\u00f3 la agencia \u201cWafa\u201d.<\/p>\n<p style=\"text-align: justify;\">Indic\u00f3 que la aviaci\u00f3n israel\u00ed apunt\u00f3 tambi\u00e9n contra el barrio de al-Rimal en el centro de la ciudad de Gaza, provocando graves da\u00f1os en las viviendas de palestinos y en la infraestructura.<\/p>\n<p style=\"text-align: justify;\">Asimismo, los equipos m\u00e9dicos recuperaron los cuerpos de dos palestinos, un hombre y su esposa, de debajo de los escombros de una casa en la localidad de Beit Lahia, en el norte de Gaza.<\/p>\n<p style=\"text-align: justify;\">La agresi\u00f3n israel\u00ed que contin\u00faa por cuarto d\u00eda consecutivo contra la Franja caus\u00f3 hasta la fecha 69 muertes, entre ellos 17 ni\u00f1os, y 388 heridos, adem\u00e1s de graves da\u00f1os materiales en propiedades e infraestructura.<\/p>\n<p><span style=\"color: #0000ff;\">rr\/fm<\/span><\/p>\n","protected":false},"excerpt":{"rendered":"<p>Jerusal\u00e9n ocupada, SANA Un palestino perdi\u00f3 la vida este jueves y otros resultaron heridos por bombardeos de la ocupaci\u00f3n israel\u00ed contra la ciudad de Khan Younes al sur de la Franja de Gaza, inform\u00f3 la agencia \u201cWafa\u201d. Indic\u00f3 que la aviaci\u00f3n israel\u00ed apunt\u00f3 tambi\u00e9n contra el barrio de al-Rimal en el centro de la ciudad &hellip;<\/p>\n","protected":false},"author":31,"featured_media":179333,"comment_status":"closed","ping_status":"closed","sticky":false,"template":"","format":"standard","meta":{"footnotes":""},"categories":[597,456,7541],"tags":[],"class_list":["post-179332","post","type-post","status-publish","format-standard","has-post-thumbnail","","category-cinta-de-noticias","category-arabe-internacional-politica","category-ultimas-noticias"],"_links":{"self":[{"href":"https:\/\/archive.sana.sy\/es\/index.php?rest_route=\/wp\/v2\/posts\/179332"}],"collection":[{"href":"https:\/\/archive.sana.sy\/es\/index.php?rest_route=\/wp\/v2\/posts"}],"about":[{"href":"https:\/\/archive.sana.sy\/es\/index.php?rest_route=\/wp\/v2\/types\/post"}],"author":[{"embeddable":true,"href":"https:\/\/archive.sana.sy\/es\/index.php?rest_route=\/wp\/v2\/users\/31"}],"replies":[{"embeddable":true,"href":"https:\/\/archive.sana.sy\/es\/index.php?rest_route=%2Fwp%2Fv2%2Fcomments&post=179332"}],"version-history":[{"count":0,"href":"https:\/\/archive.sana.sy\/es\/index.php?rest_route=\/wp\/v2\/posts\/179332\/revisions"}],"wp:featuredmedia":[{"embeddable":true,"href":"https:\/\/archive.sana.sy\/es\/index.php?rest_route=\/wp\/v2\/media\/179333"}],"wp:attachment":[{"href":"https:\/\/archive.sana.sy\/es\/index.php?rest_route=%2Fwp%2Fv2%2Fmedia&parent=179332"}],"wp:term":[{"taxonomy":"category","embeddable":true,"href":"https:\/\/archive.sana.sy\/es\/index.php?rest_route=%2Fwp%2Fv2%2Fcategories&post=179332"},{"taxonomy":"post_tag","embeddable":true,"href":"https:\/\/archive.sana.sy\/es\/index.php?rest_route=%2Fwp%2Fv2%2Ftags&post=179332"}],"curies":[{"name":"wp","href":"https:\/\/api.w.org\/{rel}","templated":true}]}}