{"id":179344,"date":"2021-05-13T16:10:49","date_gmt":"2021-05-13T13:10:49","guid":{"rendered":"http:\/\/107.6.182.27\/es\/?p=179344"},"modified":"2021-05-13T16:10:49","modified_gmt":"2021-05-13T13:10:49","slug":"senadores-estadounidenses-exigen-fin-de-los-crimenes-de-ocupacion-israeli-contra-el-pueblo-palestino","status":"publish","type":"post","link":"https:\/\/archive.sana.sy\/es\/?p=179344","title":{"rendered":"Senadores estadounidenses exigen fin de los cr\u00edmenes de ocupaci\u00f3n israel\u00ed contra el pueblo palestino"},"content":{"rendered":"<p><span style=\"color: #800000;\"><strong>Washington, SANA<\/strong><\/span><\/p>\n<p>25 senadores dem\u00f3cratas de EE.UU. pidieron a la administraci\u00f3n del presidente Joe Biden que presione al ente de ocupaci\u00f3n israel\u00ed para que detenga su agresi\u00f3n y cr\u00edmenes contra el pueblo palestino.<\/p>\n<p>Los delegados enfatizaron que los intentos de desplazar a los palestinos de sus tierras y hogares en la Jerusal\u00e9n ocupada constituyen una clara violaci\u00f3n de los derechos humanos y cr\u00edmenes de guerra.<\/p>\n<p>La Franja de Gaza sufre una agresi\u00f3n israel\u00ed continua desde hace varios d\u00edas, durante la cual decenas de palestinos, entre ellos mujeres y ni\u00f1os, cayeron\u00a0 m\u00e1rtires, y centenares resultaron heridos, al tiempo que la ciudad ocupada de Jerusal\u00e9n est\u00e1 siendo blanco de una gran campa\u00f1a de judaizaci\u00f3n en un intento acabar con la presencia palestina all\u00ed, as\u00ed centenas de palestinos fueron heridos o sufrieron asfixia durante las agresiones continuas contra al-Aqsa y los barrios de Sheikh Jarrah y Bab al-Amud.<\/p>\n<p>El diario The Independent inform\u00f3 que los senadores dirigieron una carta al jefe del Departamento de Estado, Antony Belinken, en la cual subrayaron la necesidad de cargar a &#8220;Israel&#8221; la responsabilidad de sus violaciones de los derechos humanos, e hicieron alusi\u00f3n a la demolici\u00f3n de miles de viviendas palestinas en Jerusal\u00e9n oriental durante los \u00faltimos cinco a\u00f1os, lo cual constituye una clara violaci\u00f3n de la ley internacional referente a los derechos humanos y los cr\u00edmenes de guerra.<\/p>\n<p>La misiva recalc\u00f3 la necesidad de obligar a &#8220;Israel&#8221; a doblegarse ante la IV Convenci\u00f3n de Ginebra cuyo art\u00edculo 53 proh\u00edbe la destrucci\u00f3n de barrios residenciales y viviendas de civiles en un territorio ocupado; al mismo tiempo se\u00f1al\u00f3 que la confiscaci\u00f3n o destrucci\u00f3n de propiedades civiles en las zonas ocupadas se considera un crimen de guerra seg\u00fan el art\u00edculo 8 del estatuto de Roma constitutivo de la Corte Penal Internacional.<\/p>\n<p>The Independent refiri\u00f3 que un grupo de 64 congresistas hab\u00eda lanzado el pasado a\u00f1o\u00a0 similares advertencias al Departamento de Estado, pidi\u00e9ndole insistentemente que presionara a las autoridades de ocupaci\u00f3n para que cesaran el desplazamiento forzoso de familias palestinas en la Ribera Occidental y Jerusal\u00e9n ocupada.<\/p>\n<p>Los firmantes de la nueva carta invitaron a Belinken que dirija el &#8220;mensaje m\u00e1s fuerte posible&#8221; a &#8220;Israel&#8221; para que detenga el desplazamiento forzoso y las demoliciones en Jerusal\u00e9n oriental y &#8220;env\u00ede observadores estadounidenses para documentar semejantes operaciones en caso de continuarse&#8221;.<\/p>\n<p>Alexandria Ocasio-Cortez signataria de la carta critic\u00f3 las declaraciones emitidas en mi\u00e9rcoles \u00faltimo por el presidente norteamericano Joe Biden en las cuales mostr\u00f3 la parcialidad tradicional hacia el ente israel\u00ed al hablar del &#8220;derecho&#8221; de este ente &#8220;a defenderse&#8221;.<\/p>\n<p>Ocasio-Cortez dijo: &#8220;tengo esperanzas y expectativas de poner coto a este lineamiento ahora o m\u00e1s tarde&#8221;, agregando que &#8220;tales declaraciones dan cobertura a las pr\u00e1cticas de &#8220;Israel&#8221; sin reconocer la causa de lo que est\u00e1 pasando deshumanizan a los palestinos y muestran que EE.UU. apartar\u00e1 su mirada lejos de las violaciones de derechos humanos lo cual constituye una alineaci\u00f3n flagrante a la ocupaci\u00f3n&#8221;.<\/p>\n<p><strong><span style=\"color: #0000ff;\">sm\/rsh<\/span><\/strong><\/p>\n","protected":false},"excerpt":{"rendered":"<p>Washington, SANA 25 senadores dem\u00f3cratas de EE.UU. pidieron a la administraci\u00f3n del presidente Joe Biden que presione al ente de ocupaci\u00f3n israel\u00ed para que detenga su agresi\u00f3n y cr\u00edmenes contra el pueblo palestino. Los delegados enfatizaron que los intentos de desplazar a los palestinos de sus tierras y hogares en la Jerusal\u00e9n ocupada constituyen una &hellip;<\/p>\n","protected":false},"author":39,"featured_media":179345,"comment_status":"closed","ping_status":"closed","sticky":false,"template":"","format":"standard","meta":{"footnotes":""},"categories":[597,456,457,7541],"tags":[],"class_list":["post-179344","post","type-post","status-publish","format-standard","has-post-thumbnail","","category-cinta-de-noticias","category-arabe-internacional-politica","category-noticias-arabe-internacional-politica","category-ultimas-noticias"],"_links":{"self":[{"href":"https:\/\/archive.sana.sy\/es\/index.php?rest_route=\/wp\/v2\/posts\/179344"}],"collection":[{"href":"https:\/\/archive.sana.sy\/es\/index.php?rest_route=\/wp\/v2\/posts"}],"about":[{"href":"https:\/\/archive.sana.sy\/es\/index.php?rest_route=\/wp\/v2\/types\/post"}],"author":[{"embeddable":true,"href":"https:\/\/archive.sana.sy\/es\/index.php?rest_route=\/wp\/v2\/users\/39"}],"replies":[{"embeddable":true,"href":"https:\/\/archive.sana.sy\/es\/index.php?rest_route=%2Fwp%2Fv2%2Fcomments&post=179344"}],"version-history":[{"count":0,"href":"https:\/\/archive.sana.sy\/es\/index.php?rest_route=\/wp\/v2\/posts\/179344\/revisions"}],"wp:featuredmedia":[{"embeddable":true,"href":"https:\/\/archive.sana.sy\/es\/index.php?rest_route=\/wp\/v2\/media\/179345"}],"wp:attachment":[{"href":"https:\/\/archive.sana.sy\/es\/index.php?rest_route=%2Fwp%2Fv2%2Fmedia&parent=179344"}],"wp:term":[{"taxonomy":"category","embeddable":true,"href":"https:\/\/archive.sana.sy\/es\/index.php?rest_route=%2Fwp%2Fv2%2Fcategories&post=179344"},{"taxonomy":"post_tag","embeddable":true,"href":"https:\/\/archive.sana.sy\/es\/index.php?rest_route=%2Fwp%2Fv2%2Ftags&post=179344"}],"curies":[{"name":"wp","href":"https:\/\/api.w.org\/{rel}","templated":true}]}}