{"id":179348,"date":"2021-05-13T16:19:21","date_gmt":"2021-05-13T13:19:21","guid":{"rendered":"http:\/\/107.6.182.27\/es\/?p=179348"},"modified":"2023-01-10T14:28:51","modified_gmt":"2023-01-10T12:28:51","slug":"asamblea-del-pueblo-condena-energicamente-las-practicas-sionistas-contra-los-palestinos","status":"publish","type":"post","link":"https:\/\/archive.sana.sy\/es\/?p=179348","title":{"rendered":"Parlamento de Siria condena brutales pr\u00e1cticas sionistas contra los palestinos"},"content":{"rendered":"<p style=\"text-align: justify;\"><span style=\"color: #800000;\"><strong>Damasco, SANA<\/strong><\/span><\/p>\n<p style=\"text-align: justify;\">La Asamblea del Popular (Parlamento) conden\u00f3 en los t\u00e9rminos m\u00e1s en\u00e9rgicos las barb\u00e1ricas y racistas pr\u00e1cticas sionistas contra el indefenso pueblo \u00e1rabe palestino.<\/p>\n<p style=\"text-align: justify;\">Esas pr\u00e1cticas constituyen una violaci\u00f3n flagrante de todas las cartas, resoluciones y normas internacionales, y violan las m\u00e1s m\u00ednimas normas del Derecho Internacional Humanitario, afirm\u00f3 el Parlamento en un comunicado.<\/p>\n<p style=\"text-align: justify;\">Ratific\u00f3 el apoyo de los palestinos en la santa ciudad de Jerusal\u00e9n y en cada parte del territorio de Palestina.<\/p>\n<p style=\"text-align: justify;\">\u201cLos sirios que han enfrentado durante a\u00f1os a las fuerzas del mal y el terror, continuar\u00e1n apoyando a sus hermanos palestinos, ya que enfrentamos el mismo enemigo y compartimos el mismo destino\u201d, precis\u00f3.<\/p>\n<p style=\"text-align: justify;\">Asimismo, inst\u00f3 a la comunidad internacional a intervenir y poner coto a las agresiones israel\u00edes contra el pueblo palestino.<\/p>\n<p style=\"text-align: justify;\"><strong><span style=\"color: #0000ff;\">sm\/rsh\/fm<\/span><\/strong><\/p>\n","protected":false},"excerpt":{"rendered":"<p>Damasco, SANA La Asamblea del Popular (Parlamento) conden\u00f3 en los t\u00e9rminos m\u00e1s en\u00e9rgicos las barb\u00e1ricas y racistas pr\u00e1cticas sionistas contra el indefenso pueblo \u00e1rabe palestino. Esas pr\u00e1cticas constituyen una violaci\u00f3n flagrante de todas las cartas, resoluciones y normas internacionales, y violan las m\u00e1s m\u00ednimas normas del Derecho Internacional Humanitario, afirm\u00f3 el Parlamento en un comunicado. &hellip;<\/p>\n","protected":false},"author":39,"featured_media":179349,"comment_status":"closed","ping_status":"closed","sticky":false,"template":"","format":"standard","meta":{"footnotes":""},"categories":[477,447,597,457,467,7541],"tags":[],"class_list":["post-179348","post","type-post","status-publish","format-standard","has-post-thumbnail","","category-noticias-edulcorantes","category-local-politica","category-cinta-de-noticias","category-noticias-arabe-internacional-politica","category-siria-y-el-mundo","category-ultimas-noticias"],"_links":{"self":[{"href":"https:\/\/archive.sana.sy\/es\/index.php?rest_route=\/wp\/v2\/posts\/179348"}],"collection":[{"href":"https:\/\/archive.sana.sy\/es\/index.php?rest_route=\/wp\/v2\/posts"}],"about":[{"href":"https:\/\/archive.sana.sy\/es\/index.php?rest_route=\/wp\/v2\/types\/post"}],"author":[{"embeddable":true,"href":"https:\/\/archive.sana.sy\/es\/index.php?rest_route=\/wp\/v2\/users\/39"}],"replies":[{"embeddable":true,"href":"https:\/\/archive.sana.sy\/es\/index.php?rest_route=%2Fwp%2Fv2%2Fcomments&post=179348"}],"version-history":[{"count":0,"href":"https:\/\/archive.sana.sy\/es\/index.php?rest_route=\/wp\/v2\/posts\/179348\/revisions"}],"wp:featuredmedia":[{"embeddable":true,"href":"https:\/\/archive.sana.sy\/es\/index.php?rest_route=\/wp\/v2\/media\/179349"}],"wp:attachment":[{"href":"https:\/\/archive.sana.sy\/es\/index.php?rest_route=%2Fwp%2Fv2%2Fmedia&parent=179348"}],"wp:term":[{"taxonomy":"category","embeddable":true,"href":"https:\/\/archive.sana.sy\/es\/index.php?rest_route=%2Fwp%2Fv2%2Fcategories&post=179348"},{"taxonomy":"post_tag","embeddable":true,"href":"https:\/\/archive.sana.sy\/es\/index.php?rest_route=%2Fwp%2Fv2%2Ftags&post=179348"}],"curies":[{"name":"wp","href":"https:\/\/api.w.org\/{rel}","templated":true}]}}