{"id":17935,"date":"2015-02-14T19:16:55","date_gmt":"2015-02-14T17:16:55","guid":{"rendered":"http:\/\/www.sana.sy\/es\/?p=17935"},"modified":"2015-02-14T19:18:38","modified_gmt":"2015-02-14T17:18:38","slug":"el-ministro-de-salud-pide-mejorar-los-servicios-sanitarios-y-formar-un-personal-especializado-en-el-mantenimiento-de-los-equipos-medicos","status":"publish","type":"post","link":"https:\/\/archive.sana.sy\/es\/?p=17935","title":{"rendered":"El ministro de Salud pide mejorar los servicios sanitarios"},"content":{"rendered":"<p style=\"text-align: justify\"><span style=\"color: #0000ff\">Tartous-SANA<\/span><\/p>\n<p>El ministro de Salud Dr. Nizar Yazigi, durante su visita a la ciudad de Tartous, pidi\u00f3 realizar m\u00e1s esfuerzos para mejorar la situaci\u00f3n de los servicios sanitarios prestados a los ciudadanos tanto terap\u00e9uticos y preventivos, y disponer de una reserva estrat\u00e9gica de medicamentos, de los suministros m\u00e9dicos, sobre todo para el sector de primeros auxilios.<\/p>\n<p>En el mismo contexto, El ministro se\u00f1al\u00f3 que, el Ministerio de Salud jugar\u00e1 su papel en el tema del suministro de las necesidades m\u00e9dicas para garantizar la eficacia de los servicios m\u00e9dicos prestados.<\/p>\n<p>Al mismo tiempo el ministro expres\u00f3 la necesidad de que los hospitales dispongan de buenos equipos de mantenimiento, la disposici\u00f3n de los recambios en caso de cualquier emergencia.<\/p>\n<p><span style=\"color: #800000\">M.Miri,Riad.Sh<\/span><\/p>\n","protected":false},"excerpt":{"rendered":"<p>Tartous-SANA El ministro de Salud Dr. Nizar Yazigi, durante su visita a la ciudad de Tartous, pidi\u00f3 realizar m\u00e1s esfuerzos para mejorar la situaci\u00f3n de los servicios sanitarios prestados a los ciudadanos tanto terap\u00e9uticos y preventivos, y disponer de una reserva estrat\u00e9gica de medicamentos, de los suministros m\u00e9dicos, sobre todo para el sector de primeros &hellip;<\/p>\n","protected":false},"author":1,"featured_media":17936,"comment_status":"closed","ping_status":"closed","sticky":false,"template":"","format":"standard","meta":{"footnotes":""},"categories":[477,597,476],"tags":[4077,4076],"class_list":["post-17935","post","type-post","status-publish","format-standard","has-post-thumbnail","","category-noticias-edulcorantes","category-cinta-de-noticias","category-locales","tag-el-ministro-de-salud-pide-mejorar-los-servicios-sanitarios","tag-el-ministro-de-salud-pide-mejorar-los-servicios-sanitarios-y-formar-un-personal-especializado-en-el-mantenimiento-de-los-equipos-medicos"],"_links":{"self":[{"href":"https:\/\/archive.sana.sy\/es\/index.php?rest_route=\/wp\/v2\/posts\/17935"}],"collection":[{"href":"https:\/\/archive.sana.sy\/es\/index.php?rest_route=\/wp\/v2\/posts"}],"about":[{"href":"https:\/\/archive.sana.sy\/es\/index.php?rest_route=\/wp\/v2\/types\/post"}],"author":[{"embeddable":true,"href":"https:\/\/archive.sana.sy\/es\/index.php?rest_route=\/wp\/v2\/users\/1"}],"replies":[{"embeddable":true,"href":"https:\/\/archive.sana.sy\/es\/index.php?rest_route=%2Fwp%2Fv2%2Fcomments&post=17935"}],"version-history":[{"count":0,"href":"https:\/\/archive.sana.sy\/es\/index.php?rest_route=\/wp\/v2\/posts\/17935\/revisions"}],"wp:featuredmedia":[{"embeddable":true,"href":"https:\/\/archive.sana.sy\/es\/index.php?rest_route=\/wp\/v2\/media\/17936"}],"wp:attachment":[{"href":"https:\/\/archive.sana.sy\/es\/index.php?rest_route=%2Fwp%2Fv2%2Fmedia&parent=17935"}],"wp:term":[{"taxonomy":"category","embeddable":true,"href":"https:\/\/archive.sana.sy\/es\/index.php?rest_route=%2Fwp%2Fv2%2Fcategories&post=17935"},{"taxonomy":"post_tag","embeddable":true,"href":"https:\/\/archive.sana.sy\/es\/index.php?rest_route=%2Fwp%2Fv2%2Ftags&post=17935"}],"curies":[{"name":"wp","href":"https:\/\/api.w.org\/{rel}","templated":true}]}}