{"id":179352,"date":"2021-05-13T16:31:52","date_gmt":"2021-05-13T13:31:52","guid":{"rendered":"http:\/\/107.6.182.27\/es\/?p=179352"},"modified":"2023-01-10T14:28:51","modified_gmt":"2023-01-10T12:28:51","slug":"milicianos-de-las-fds-heridos-en-un-ataque-de-las-facciones-populares-al-este-de-raqa","status":"publish","type":"post","link":"https:\/\/archive.sana.sy\/es\/?p=179352","title":{"rendered":"Milicianos de las FDS heridos en un ataque de las facciones populares al este de Raqa"},"content":{"rendered":"<p style=\"text-align: justify;\"><strong><span style=\"color: #800000;\">Raqa, SANA<\/span><\/strong><\/p>\n<p style=\"text-align: justify;\">Varios integrantes de la milicia proestadounidense FDS resultaron heridos en un ataque llevado a cabo por facciones populares en el norte de la provincia nororiental de Raqa.<\/p>\n<p style=\"text-align: justify;\">Seg\u00fan informaron fuentes civiles al corresponsal de SANA, las ambulancias se apresuraron al lugar de la explosi\u00f3n, que fue acordonado por los milicianos.<\/p>\n<p style=\"text-align: justify;\">Los ataques a cuarteles y puestos de los mercenarios de las ocupaciones estadounidense y turca en la regi\u00f3n de Al-Yazira se han intensificado \u00faltimamente caus\u00e1ndoles bajas y la destrucci\u00f3n de veh\u00edculos.<\/p>\n<p style=\"text-align: justify;\"><strong><span style=\"color: #0000ff;\">sm\/rsh<\/span><\/strong><\/p>\n","protected":false},"excerpt":{"rendered":"<p>Raqa, SANA Varios integrantes de la milicia proestadounidense FDS resultaron heridos en un ataque llevado a cabo por facciones populares en el norte de la provincia nororiental de Raqa. Seg\u00fan informaron fuentes civiles al corresponsal de SANA, las ambulancias se apresuraron al lugar de la explosi\u00f3n, que fue acordonado por los milicianos. Los ataques a &hellip;<\/p>\n","protected":false},"author":39,"featured_media":179353,"comment_status":"closed","ping_status":"closed","sticky":false,"template":"","format":"standard","meta":{"footnotes":""},"categories":[477,447,597,573,457,7541],"tags":[],"class_list":["post-179352","post","type-post","status-publish","format-standard","has-post-thumbnail","","category-noticias-edulcorantes","category-local-politica","category-cinta-de-noticias","category-la-realidad-de-los-acontecimientos-en-siria","category-noticias-arabe-internacional-politica","category-ultimas-noticias"],"_links":{"self":[{"href":"https:\/\/archive.sana.sy\/es\/index.php?rest_route=\/wp\/v2\/posts\/179352"}],"collection":[{"href":"https:\/\/archive.sana.sy\/es\/index.php?rest_route=\/wp\/v2\/posts"}],"about":[{"href":"https:\/\/archive.sana.sy\/es\/index.php?rest_route=\/wp\/v2\/types\/post"}],"author":[{"embeddable":true,"href":"https:\/\/archive.sana.sy\/es\/index.php?rest_route=\/wp\/v2\/users\/39"}],"replies":[{"embeddable":true,"href":"https:\/\/archive.sana.sy\/es\/index.php?rest_route=%2Fwp%2Fv2%2Fcomments&post=179352"}],"version-history":[{"count":0,"href":"https:\/\/archive.sana.sy\/es\/index.php?rest_route=\/wp\/v2\/posts\/179352\/revisions"}],"wp:featuredmedia":[{"embeddable":true,"href":"https:\/\/archive.sana.sy\/es\/index.php?rest_route=\/wp\/v2\/media\/179353"}],"wp:attachment":[{"href":"https:\/\/archive.sana.sy\/es\/index.php?rest_route=%2Fwp%2Fv2%2Fmedia&parent=179352"}],"wp:term":[{"taxonomy":"category","embeddable":true,"href":"https:\/\/archive.sana.sy\/es\/index.php?rest_route=%2Fwp%2Fv2%2Fcategories&post=179352"},{"taxonomy":"post_tag","embeddable":true,"href":"https:\/\/archive.sana.sy\/es\/index.php?rest_route=%2Fwp%2Fv2%2Ftags&post=179352"}],"curies":[{"name":"wp","href":"https:\/\/api.w.org\/{rel}","templated":true}]}}