{"id":179370,"date":"2021-05-13T18:04:02","date_gmt":"2021-05-13T15:04:02","guid":{"rendered":"http:\/\/107.6.182.27\/es\/?p=179370"},"modified":"2021-05-13T18:04:02","modified_gmt":"2021-05-13T15:04:02","slug":"ocupacion-israeli-arresta-a-cientos-de-palestinos-en-jerusalen-y-los-territorios-ocupados-en-1948","status":"publish","type":"post","link":"https:\/\/archive.sana.sy\/es\/?p=179370","title":{"rendered":"Ocupaci\u00f3n israel\u00ed arresta a cientos de palestinos en Jerusal\u00e9n y los territorios ocupados en 1948"},"content":{"rendered":"<p style=\"text-align: justify;\"><span style=\"color: #800000;\"><strong>Jerusal\u00e9n ocupada, SANA<\/strong><\/span><\/p>\n<p style=\"text-align: justify;\">Las fuerzas de ocupaci\u00f3n israel\u00edes arrestaron a cientos de palestinos en la ciudad ocupada de Jerusal\u00e9n y en los territorios ocupados en 1948.<\/p>\n<p style=\"text-align: justify;\">La agencia palestina de noticias Wafa inform\u00f3 que las tropas del ocupante sionista irrumpieron en varios suburbios de Jerusal\u00e9n y arrestaron a cinco palestinos despu\u00e9s de agredirlos brutalmente.<\/p>\n<p style=\"text-align: justify;\">De la misma manera, las fuerzas de ocupaci\u00f3n lanzaron una campa\u00f1a de arrestos en las localidades palestinas situadas en los territorios ocupados en 1948, durante las cuales arrestaron a 374 palestinos a ra\u00edz de las manifestaciones desatadas contra de la continua agresi\u00f3n israel\u00ed contra los palestinos en la Jerusal\u00e9n ocupada y la Franja de Gaza.<\/p>\n<p style=\"text-align: justify;\">En la v\u00edspera, colonos israel\u00edes quemaron propiedades palestinas durante su asalto a Silwan en la Jerusal\u00e9n ocupada.<\/p>\n<p style=\"text-align: justify;\">La agencia palestina Wafa inform\u00f3 que colonos irrumpieron en la localidad de Silwan cerca de Jerusal\u00e9n ocupada y prendieron fuego en las propiedades de los palestinos causando colosales da\u00f1os.<\/p>\n<p style=\"text-align: justify;\">Ayer colonos israel\u00edes, protegidos por las tropas de ocupaci\u00f3n, invadieron la localidad de Burin al sur de Naplusa en Cisjordanoa y quemaron a amplias extensiones cultivos.<\/p>\n<p style=\"text-align: justify;\"><span style=\"color: #0000ff;\"><strong>sm\/rsh<\/strong><\/span><\/p>\n","protected":false},"excerpt":{"rendered":"<p>Jerusal\u00e9n ocupada, SANA Las fuerzas de ocupaci\u00f3n israel\u00edes arrestaron a cientos de palestinos en la ciudad ocupada de Jerusal\u00e9n y en los territorios ocupados en 1948. La agencia palestina de noticias Wafa inform\u00f3 que las tropas del ocupante sionista irrumpieron en varios suburbios de Jerusal\u00e9n y arrestaron a cinco palestinos despu\u00e9s de agredirlos brutalmente. De &hellip;<\/p>\n","protected":false},"author":39,"featured_media":179371,"comment_status":"closed","ping_status":"closed","sticky":false,"template":"","format":"standard","meta":{"footnotes":""},"categories":[597,456,457,7541],"tags":[],"class_list":["post-179370","post","type-post","status-publish","format-standard","has-post-thumbnail","","category-cinta-de-noticias","category-arabe-internacional-politica","category-noticias-arabe-internacional-politica","category-ultimas-noticias"],"_links":{"self":[{"href":"https:\/\/archive.sana.sy\/es\/index.php?rest_route=\/wp\/v2\/posts\/179370"}],"collection":[{"href":"https:\/\/archive.sana.sy\/es\/index.php?rest_route=\/wp\/v2\/posts"}],"about":[{"href":"https:\/\/archive.sana.sy\/es\/index.php?rest_route=\/wp\/v2\/types\/post"}],"author":[{"embeddable":true,"href":"https:\/\/archive.sana.sy\/es\/index.php?rest_route=\/wp\/v2\/users\/39"}],"replies":[{"embeddable":true,"href":"https:\/\/archive.sana.sy\/es\/index.php?rest_route=%2Fwp%2Fv2%2Fcomments&post=179370"}],"version-history":[{"count":0,"href":"https:\/\/archive.sana.sy\/es\/index.php?rest_route=\/wp\/v2\/posts\/179370\/revisions"}],"wp:featuredmedia":[{"embeddable":true,"href":"https:\/\/archive.sana.sy\/es\/index.php?rest_route=\/wp\/v2\/media\/179371"}],"wp:attachment":[{"href":"https:\/\/archive.sana.sy\/es\/index.php?rest_route=%2Fwp%2Fv2%2Fmedia&parent=179370"}],"wp:term":[{"taxonomy":"category","embeddable":true,"href":"https:\/\/archive.sana.sy\/es\/index.php?rest_route=%2Fwp%2Fv2%2Fcategories&post=179370"},{"taxonomy":"post_tag","embeddable":true,"href":"https:\/\/archive.sana.sy\/es\/index.php?rest_route=%2Fwp%2Fv2%2Ftags&post=179370"}],"curies":[{"name":"wp","href":"https:\/\/api.w.org\/{rel}","templated":true}]}}